{"id":48127,"date":"2015-09-28T14:08:49","date_gmt":"2015-09-28T11:08:49","guid":{"rendered":"http:\/\/www.sana.sy\/tr\/?p=48127"},"modified":"2015-09-28T14:08:49","modified_gmt":"2015-09-28T11:08:49","slug":"fransiz-parlamenter-heyet-saglik-bakaniyla-gorustu","status":"publish","type":"post","link":"https:\/\/archive.sana.sy\/tr\/?p=48127","title":{"rendered":"Frans\u0131z Parlamenter Heyet Sa\u011fl\u0131k Bakan\u0131yla G\u00f6r\u00fc\u015ft\u00fc"},"content":{"rendered":"<p>\u015eAM \u2013 Parlamenter Gerard Bapt ba\u015fkanl\u0131\u011f\u0131nda Suriye&#8217;yi ziyaret etmekte olan Frans\u0131z Parlamenter heyet ile bir araya gelen Sa\u011fl\u0131k Bakan\u0131 Nizar Yaz\u0131c\u0131; Suriye ve halk\u0131na y\u00f6nelik evrensel ter\u00f6r ve ekonomik ablukalar ko\u015fullar\u0131nda halk\u0131n t\u0131bbi gereksinimlerinin kar\u015f\u0131lanmas\u0131 i\u00e7in olduk\u00e7a b\u00fcy\u00fck \u00e7abalar harcand\u0131\u011f\u0131n\u0131 belirtti.<\/p>\n<p><a href=\"http:\/\/www.sana.sy\/tr\/wp-content\/uploads\/2015\/09\/256.jpg\"><img loading=\"lazy\" decoding=\"async\" class=\"alignright wp-image-48129 size-medium\" src=\"http:\/\/www.sana.sy\/tr\/wp-content\/uploads\/2015\/09\/256-300x186.jpg\" alt=\"2\" width=\"300\" height=\"186\" srcset=\"https:\/\/archive.sana.sy\/tr\/wp-content\/uploads\/2015\/09\/256-300x186.jpg 300w, https:\/\/archive.sana.sy\/tr\/wp-content\/uploads\/2015\/09\/256-150x93.jpg 150w, https:\/\/archive.sana.sy\/tr\/wp-content\/uploads\/2015\/09\/256-1024x633.jpg 1024w\" sizes=\"auto, (max-width: 300px) 100vw, 300px\" \/><\/a>Bakan Yaz\u0131c\u0131 belli ba\u015fl\u0131 ve art\u0131k herkes taraf\u0131ndan bilinen devletlerce desteklenen ter\u00f6ristlerin sistematik sald\u0131r\u0131lar\u0131 sonucunda sa\u011fl\u0131k sekt\u00f6r\u00fcn\u00fcn u\u011frad\u0131\u011f\u0131 hasar ve kay\u0131plara \u0131\u015f\u0131k tuttu.<\/p>\n<p>Konuk heyet ba\u015fkan\u0131 Bapt Suriye&#8217;ye insani ama\u00e7l\u0131 bulunduklar\u0131 ziyaretin Suriye halk\u0131yla dayan\u0131\u015fmalar\u0131n\u0131 ifade etme ve ihtiya\u00e7lar\u0131 hakk\u0131nda bilgi alma ama\u00e7l\u0131 oldu\u011funu s\u00f6yledi.<\/p>\n","protected":false},"excerpt":{"rendered":"<p>\u015eAM \u2013 Parlamenter Gerard Bapt ba\u015fkanl\u0131\u011f\u0131nda Suriye&#8217;yi ziyaret etmekte olan Frans\u0131z Parlamenter heyet ile bir araya gelen Sa\u011fl\u0131k Bakan\u0131 Nizar Yaz\u0131c\u0131; Suriye ve halk\u0131na y\u00f6nelik evrensel ter\u00f6r ve ekonomik ablukalar ko\u015fullar\u0131nda halk\u0131n t\u0131bbi gereksinimlerinin kar\u015f\u0131lanmas\u0131 i\u00e7in olduk\u00e7a b\u00fcy\u00fck \u00e7abalar harcand\u0131\u011f\u0131n\u0131 belirtti. Bakan Yaz\u0131c\u0131 belli ba\u015fl\u0131 ve art\u0131k herkes taraf\u0131ndan bilinen devletlerce desteklenen ter\u00f6ristlerin sistematik sald\u0131r\u0131lar\u0131 &hellip;<\/p>\n","protected":false},"author":1,"featured_media":48135,"comment_status":"closed","ping_status":"closed","sticky":false,"template":"","format":"standard","meta":{"footnotes":""},"categories":[479,478],"tags":[16951,16895],"class_list":["post-48127","post","type-post","status-publish","format-standard","has-post-thumbnail","","category-haberler-yerel","category-yerel","tag-fransiz-parlamenter-heyet-saglik-bakaniyla-gorustu","tag-saglik-bakani-nizar-yazici"],"_links":{"self":[{"href":"https:\/\/archive.sana.sy\/tr\/index.php?rest_route=\/wp\/v2\/posts\/48127","targetHints":{"allow":["GET"]}}],"collection":[{"href":"https:\/\/archive.sana.sy\/tr\/index.php?rest_route=\/wp\/v2\/posts"}],"about":[{"href":"https:\/\/archive.sana.sy\/tr\/index.php?rest_route=\/wp\/v2\/types\/post"}],"author":[{"embeddable":true,"href":"https:\/\/archive.sana.sy\/tr\/index.php?rest_route=\/wp\/v2\/users\/1"}],"replies":[{"embeddable":true,"href":"https:\/\/archive.sana.sy\/tr\/index.php?rest_route=%2Fwp%2Fv2%2Fcomments&post=48127"}],"version-history":[{"count":0,"href":"https:\/\/archive.sana.sy\/tr\/index.php?rest_route=\/wp\/v2\/posts\/48127\/revisions"}],"wp:featuredmedia":[{"embeddable":true,"href":"https:\/\/archive.sana.sy\/tr\/index.php?rest_route=\/wp\/v2\/media\/48135"}],"wp:attachment":[{"href":"https:\/\/archive.sana.sy\/tr\/index.php?rest_route=%2Fwp%2Fv2%2Fmedia&parent=48127"}],"wp:term":[{"taxonomy":"category","embeddable":true,"href":"https:\/\/archive.sana.sy\/tr\/index.php?rest_route=%2Fwp%2Fv2%2Fcategories&post=48127"},{"taxonomy":"post_tag","embeddable":true,"href":"https:\/\/archive.sana.sy\/tr\/index.php?rest_route=%2Fwp%2Fv2%2Ftags&post=48127"}],"curies":[{"name":"wp","href":"https:\/\/api.w.org\/{rel}","templated":true}]}}