{"id":48130,"date":"2015-09-28T13:59:15","date_gmt":"2015-09-28T10:59:15","guid":{"rendered":"http:\/\/www.sana.sy\/tr\/?p=48130"},"modified":"2015-09-28T13:59:15","modified_gmt":"2015-09-28T10:59:15","slug":"amacimiz-terore-karsi-mucadeleyi-yogunlastirmaktir","status":"publish","type":"post","link":"https:\/\/archive.sana.sy\/tr\/?p=48130","title":{"rendered":"Amac\u0131m\u0131z Ter\u00f6re Kar\u015f\u0131 M\u00fccadeleyi Yo\u011funla\u015ft\u0131rmakt\u0131r"},"content":{"rendered":"<p>NEW YORK \u2013 Rusya Federasyonu Ba\u015fkan\u0131 Vladimir Putin; Rusya&#8217;n\u0131n Suriye&#8217;de askeri operasyonlara kat\u0131lmayaca\u011f\u0131n\u0131; fakat Cumhurba\u015fkan\u0131 Be\u015f\u015far el Esad ve daha ba\u015fka ortaklar\u0131yla ter\u00f6re kar\u015f\u0131 m\u00fccadeleyi yo\u011funla\u015ft\u0131rma \u00e7abas\u0131nda oldu\u011funu belirtti.<\/p>\n<p>Amerikal\u0131 CBS Kanal\u0131 ile r\u00f6portaj\u0131nda Putin; Bat\u0131l\u0131 devletlerin \u2018Suriye ordusunun halk\u0131na kar\u015f\u0131 sava\u015ft\u0131\u011f\u0131\u2019 iddialar\u0131n\u0131 ele\u015ftirdi. Putin bu devletlerin Suriye&#8217;de el Esad\u2019\u0131 devirmek i\u00e7in tekfirci ter\u00f6r \u00f6rg\u00fctlerini desteklediklerine dikkat \u00e7ekerek, Suriye&#8217;de devlet kurumlar\u0131n\u0131n sabote edilmesiyle Suriye ve halk\u0131n\u0131n ne hale gelece\u011fi ile hi\u00e7 ilgilenmediklerini vurgulad\u0131.<\/p>\n<p>Rusya&#8217;n\u0131n Ortado\u011fu\u2019da temel rol\u00fc \u00fcstlenme \u00e7abas\u0131 olup olmad\u0131\u011f\u0131 konusunda Putin; Sovyetler Birli\u011fi devletlerinden Suriye&#8217;de 2000\u2019den fazla ter\u00f6ristin bulundu\u011funa dikkat \u00e7ekti. Bunlar\u0131n Rusya&#8217;ya geri d\u00f6nme durumunda te\u015fkil edebilecekleri tehlikeye i\u015faret eden Putin; Rusya&#8217;n\u0131n bu sebepten dolay\u0131 el Esad\u2019a ter\u00f6re kar\u015f\u0131 sava\u015f\u0131nda destek verdi\u011fini s\u00f6yledi.<\/p>\n","protected":false},"excerpt":{"rendered":"<p>NEW YORK \u2013 Rusya Federasyonu Ba\u015fkan\u0131 Vladimir Putin; Rusya&#8217;n\u0131n Suriye&#8217;de askeri operasyonlara kat\u0131lmayaca\u011f\u0131n\u0131; fakat Cumhurba\u015fkan\u0131 Be\u015f\u015far el Esad ve daha ba\u015fka ortaklar\u0131yla ter\u00f6re kar\u015f\u0131 m\u00fccadeleyi yo\u011funla\u015ft\u0131rma \u00e7abas\u0131nda oldu\u011funu belirtti. Amerikal\u0131 CBS Kanal\u0131 ile r\u00f6portaj\u0131nda Putin; Bat\u0131l\u0131 devletlerin \u2018Suriye ordusunun halk\u0131na kar\u015f\u0131 sava\u015ft\u0131\u011f\u0131\u2019 iddialar\u0131n\u0131 ele\u015ftirdi. Putin bu devletlerin Suriye&#8217;de el Esad\u2019\u0131 devirmek i\u00e7in tekfirci ter\u00f6r \u00f6rg\u00fctlerini &hellip;<\/p>\n","protected":false},"author":1,"featured_media":48131,"comment_status":"closed","ping_status":"closed","sticky":false,"template":"","format":"standard","meta":{"footnotes":""},"categories":[458,459,447],"tags":[16949,16898],"class_list":["post-48130","post","type-post","status-publish","format-standard","has-post-thumbnail","","category-dunya1","category-haberler-arap-uluslararasi-politika","category-politika","tag-amacimiz-terore-karsi-mucadeleyi-yogunlastirmaktir","tag-rusya-federasyonu-baskani-vladimir-putin"],"_links":{"self":[{"href":"https:\/\/archive.sana.sy\/tr\/index.php?rest_route=\/wp\/v2\/posts\/48130","targetHints":{"allow":["GET"]}}],"collection":[{"href":"https:\/\/archive.sana.sy\/tr\/index.php?rest_route=\/wp\/v2\/posts"}],"about":[{"href":"https:\/\/archive.sana.sy\/tr\/index.php?rest_route=\/wp\/v2\/types\/post"}],"author":[{"embeddable":true,"href":"https:\/\/archive.sana.sy\/tr\/index.php?rest_route=\/wp\/v2\/users\/1"}],"replies":[{"embeddable":true,"href":"https:\/\/archive.sana.sy\/tr\/index.php?rest_route=%2Fwp%2Fv2%2Fcomments&post=48130"}],"version-history":[{"count":0,"href":"https:\/\/archive.sana.sy\/tr\/index.php?rest_route=\/wp\/v2\/posts\/48130\/revisions"}],"wp:featuredmedia":[{"embeddable":true,"href":"https:\/\/archive.sana.sy\/tr\/index.php?rest_route=\/wp\/v2\/media\/48131"}],"wp:attachment":[{"href":"https:\/\/archive.sana.sy\/tr\/index.php?rest_route=%2Fwp%2Fv2%2Fmedia&parent=48130"}],"wp:term":[{"taxonomy":"category","embeddable":true,"href":"https:\/\/archive.sana.sy\/tr\/index.php?rest_route=%2Fwp%2Fv2%2Fcategories&post=48130"},{"taxonomy":"post_tag","embeddable":true,"href":"https:\/\/archive.sana.sy\/tr\/index.php?rest_route=%2Fwp%2Fv2%2Ftags&post=48130"}],"curies":[{"name":"wp","href":"https:\/\/api.w.org\/{rel}","templated":true}]}}