{"id":4814,"date":"2014-07-07T17:06:08","date_gmt":"2014-07-07T14:06:08","guid":{"rendered":"http:\/\/www.sana.sy\/tr\/?p=4814"},"modified":"2014-07-07T17:06:08","modified_gmt":"2014-07-07T14:06:08","slug":"teroristlerin-menetme-girisimlerine-ragmen-paketler-dagitildi","status":"publish","type":"post","link":"https:\/\/archive.sana.sy\/tr\/?p=4814","title":{"rendered":"Ter\u00f6ristlerin Menetme Giri\u015fimlerine Ra\u011fmen Paketler Da\u011f\u0131t\u0131ld\u0131"},"content":{"rendered":"<p>\u015eAM \u2013 Filistin Kurtulu\u015f \u00d6rg\u00fct\u00fc FK\u00d6 Siyasi Daire M\u00fcd\u00fcr\u00fc Enver Abd\u00fclhadi; \u015eam\u2019\u0131n Yerm\u00fck Semtinde bulunan Filistinli m\u00fcltecilere yard\u0131m paketlerinin bug\u00fcn yeniden da\u011f\u0131t\u0131lmaya ba\u015fland\u0131\u011f\u0131n\u0131 belirtti.<\/p>\n<p>Abd\u00fclhadi yay\u0131nlad\u0131\u011f\u0131 ve SANA\u2019n\u0131n bir n\u00fcshas\u0131n\u0131 ald\u0131\u011f\u0131 beyan\u0131nda; Yerm\u00fck\u2019te bulunan silahl\u0131 ter\u00f6ristlerin bir k\u0131sm\u0131n\u0131n Filistinli aileleri yard\u0131m paketlerinin da\u011f\u0131t\u0131ld\u0131\u011f\u0131 semt giri\u015fine ula\u015fmalar\u0131ndan menetmeye \u00e7al\u0131\u015ft\u0131klar\u0131n\u0131 belirtti. FK\u00d6\u2019n\u00fcn Suriye h\u00fck\u00fcmeti ile i\u015fbirli\u011fi i\u00e7inde Filistinlilerin a\u00e7 b\u0131rakmalar\u0131na izin vermeme \u00e7al\u0131\u015fmalar\u0131n\u0131 s\u00fcrd\u00fcrd\u00fc\u011f\u00fcne i\u015faret eden Abd\u00fclhadi; ter\u00f6ristlerin yard\u0131mlar\u0131n da\u011f\u0131t\u0131lmas\u0131n\u0131 engelleme \u00e7abalar\u0131na ra\u011fmen paketlerin \u00e7ok say\u0131da aileye da\u011f\u0131t\u0131ld\u0131\u011f\u0131n\u0131 s\u00f6yledi.<\/p>\n<p>Abd\u00fclhadi; Yerm\u00fck Semtinin silahl\u0131 ter\u00f6r gruplar\u0131ndan tamamen tahliye edilmesini \u00f6ng\u00f6ren 21-06-2014 tarihli anla\u015fman\u0131n hayata ge\u00e7irilmesiyle birlikte semtte ya\u015fayan bir milyondan fazla Suriyeli ve Filistinlinin evlerine d\u00f6nmelerini sa\u011flamaya azimli ve kararl\u0131 olduklar\u0131n\u0131 belirtti.<\/p>\n","protected":false},"excerpt":{"rendered":"<p>\u015eAM \u2013 Filistin Kurtulu\u015f \u00d6rg\u00fct\u00fc FK\u00d6 Siyasi Daire M\u00fcd\u00fcr\u00fc Enver Abd\u00fclhadi; \u015eam\u2019\u0131n Yerm\u00fck Semtinde bulunan Filistinli m\u00fcltecilere yard\u0131m paketlerinin bug\u00fcn yeniden da\u011f\u0131t\u0131lmaya ba\u015fland\u0131\u011f\u0131n\u0131 belirtti. Abd\u00fclhadi yay\u0131nlad\u0131\u011f\u0131 ve SANA\u2019n\u0131n bir n\u00fcshas\u0131n\u0131 ald\u0131\u011f\u0131 beyan\u0131nda; Yerm\u00fck\u2019te bulunan silahl\u0131 ter\u00f6ristlerin bir k\u0131sm\u0131n\u0131n Filistinli aileleri yard\u0131m paketlerinin da\u011f\u0131t\u0131ld\u0131\u011f\u0131 semt giri\u015fine ula\u015fmalar\u0131ndan menetmeye \u00e7al\u0131\u015ft\u0131klar\u0131n\u0131 belirtti. FK\u00d6\u2019n\u00fcn Suriye h\u00fck\u00fcmeti ile i\u015fbirli\u011fi i\u00e7inde &hellip;<\/p>\n","protected":false},"author":1,"featured_media":4815,"comment_status":"closed","ping_status":"closed","sticky":false,"template":"","format":"standard","meta":{"footnotes":""},"categories":[479,478],"tags":[1045],"class_list":["post-4814","post","type-post","status-publish","format-standard","has-post-thumbnail","","category-haberler-yerel","category-yerel","tag-teroristlerin-menetme-girisimlerine-ragmen-paketler-dagitildi"],"_links":{"self":[{"href":"https:\/\/archive.sana.sy\/tr\/index.php?rest_route=\/wp\/v2\/posts\/4814","targetHints":{"allow":["GET"]}}],"collection":[{"href":"https:\/\/archive.sana.sy\/tr\/index.php?rest_route=\/wp\/v2\/posts"}],"about":[{"href":"https:\/\/archive.sana.sy\/tr\/index.php?rest_route=\/wp\/v2\/types\/post"}],"author":[{"embeddable":true,"href":"https:\/\/archive.sana.sy\/tr\/index.php?rest_route=\/wp\/v2\/users\/1"}],"replies":[{"embeddable":true,"href":"https:\/\/archive.sana.sy\/tr\/index.php?rest_route=%2Fwp%2Fv2%2Fcomments&post=4814"}],"version-history":[{"count":0,"href":"https:\/\/archive.sana.sy\/tr\/index.php?rest_route=\/wp\/v2\/posts\/4814\/revisions"}],"wp:featuredmedia":[{"embeddable":true,"href":"https:\/\/archive.sana.sy\/tr\/index.php?rest_route=\/wp\/v2\/media\/4815"}],"wp:attachment":[{"href":"https:\/\/archive.sana.sy\/tr\/index.php?rest_route=%2Fwp%2Fv2%2Fmedia&parent=4814"}],"wp:term":[{"taxonomy":"category","embeddable":true,"href":"https:\/\/archive.sana.sy\/tr\/index.php?rest_route=%2Fwp%2Fv2%2Fcategories&post=4814"},{"taxonomy":"post_tag","embeddable":true,"href":"https:\/\/archive.sana.sy\/tr\/index.php?rest_route=%2Fwp%2Fv2%2Ftags&post=4814"}],"curies":[{"name":"wp","href":"https:\/\/api.w.org\/{rel}","templated":true}]}}