{"id":48150,"date":"2015-09-28T15:50:06","date_gmt":"2015-09-28T12:50:06","guid":{"rendered":"http:\/\/www.sana.sy\/tr\/?p=48150"},"modified":"2015-09-29T20:27:04","modified_gmt":"2015-09-29T17:27:04","slug":"yanlis-politikalari-ve-terorden-yana-tutumlarinin-yanlisligini-itiraf-etme-zamani-geldi","status":"publish","type":"post","link":"https:\/\/archive.sana.sy\/tr\/?p=48150","title":{"rendered":"Yanl\u0131\u015f Politikalar\u0131 ve Ter\u00f6rden Yana Tutumlar\u0131n\u0131n Yanl\u0131\u015fl\u0131\u011f\u0131n\u0131 \u0130tiraf Etme Zaman\u0131 Geldi"},"content":{"rendered":"<p>\u015eAM \u2013 Parlamenter Gerard Bapt ba\u015fkanl\u0131\u011f\u0131nda Suriye&#8217;yi ziyaret etmekte olan Frans\u0131z parlamenter ve gazeteci heyetini bug\u00fcn kabul eden Halk Meclisi Ba\u015fkan\u0131 Muhammed Cihat Lahham; Bat\u0131l\u0131 devletlerin b\u00f6lge devletlerine kar\u015f\u0131 politikalar\u0131 ve tekfirci ter\u00f6re ili\u015fkin tutumlar\u0131n\u0131n ba\u015far\u0131s\u0131zl\u0131\u011f\u0131n\u0131 itiraf etmenin zaman\u0131 geldi\u011fini belirtti.<\/p>\n<p>Meclis Ba\u015fkan\u0131 Lahham Suriye&#8217;ye kar\u015f\u0131 politikalar\u0131yla bilinen kimi devletlerin tutum ve siyasetlerinin d\u00fczeltilmesinde parlamenterlerin rol\u00fcne dikkat \u00e7ekerken, bu yanl\u0131\u015f politikalar\u0131n halklar\u0131 ve \u00e7\u0131karlar\u0131n\u0131 tehdit eden ter\u00f6ristlere hizmet etti\u011fine i\u015faret etti.<\/p>\n<p>Suriye&#8217;nin tarih boyunca medeniyet, ho\u015fg\u00f6r\u00fc ve karde\u015flik ya\u015fam\u0131n\u0131n sembol\u00fc oldu\u011funu ve \u00f6yle kalaca\u011f\u0131n\u0131 belirten Lahham; Suriye&#8217;deki durumlar\u0131 yak\u0131ndan ve objektif bir \u015fekilde g\u00f6rmek isteyen Frans\u0131z heyetin ziyaretinin takdire \u015fayan oldu\u011funu s\u00f6yledi.<\/p>\n<p>Lahham Suriye&#8217;de adlar\u0131nda farkl\u0131 \u00f6zlerinde ayn\u0131 olan ter\u00f6r \u00f6rg\u00fctlere deste\u011fin bir sonucu olarak tehcir edilenlerin kom\u015fu devletlerden Avrupa\u2019ya ak\u0131n etmelerinin beklenen bir durum oldu\u011funu ifade ederken; bunlar\u0131n aras\u0131nda \u2018m\u00fclteci\u2019 abas\u0131 alt\u0131nda binlerce ter\u00f6ristin de Avrupa&#8217;ya s\u0131zabilece\u011fi tehlikesine dikkat \u00e7ekti. Meclis Ba\u015fkan\u0131 Lahham; kom\u015fu devletlerin s\u0131rlar\u0131 ter\u00f6ristler \u00f6n\u00fcnde a\u00e7\u0131k tutmas\u0131 ve onlara kolayl\u0131klar sa\u011flamalar\u0131n\u0131n yol a\u00e7aca\u011f\u0131 tehlikeye vurgu yapt\u0131.<\/p>\n<p>Frans\u0131z heyetteki gazetecilerin sorular\u0131n\u0131 cevaplayan Lahham; Fransa&#8217;n\u0131n I\u015e\u0130D mevkilerine kar\u015f\u0131 Suriye topraklar\u0131nda bulundu\u011fu hava operasyonlar\u0131n\u0131n uluslar aras\u0131 kanun ve kararlara a\u00e7\u0131k ve net bir ihlal te\u015fkil etti\u011fini vurgulad\u0131. Lahham Suriye&#8217;nin ter\u00f6rle m\u00fccadelede her daim d\u00fcr\u00fcst ve ciddi \u00e7abalara a\u00e7\u0131k oldu\u011funu belirten Lahham; Suriye topraklar\u0131 \u00fczerinde herhangi bir \u00e7aban\u0131n kesinlikle Suriye h\u00fck\u00fcmeti ile koordinasyon i\u00e7inde olmas\u0131 gere\u011finin alt\u0131n\u0131 \u00e7izdi.<\/p>\n<p>Konuk heyet ba\u015fkan\u0131 ve Suriye Fransa Parlamenter Dostluk Cemiyeti ba\u015fkan\u0131 Bapt; Suriye ve halk\u0131n\u0131n ter\u00f6r, y\u0131k\u0131m ve \u00f6l\u00fcme kar\u015f\u0131 sergiledi\u011fi m\u00fccadele ve azmin takdire \u015fayan oldu\u011funu ifade etti.<\/p>\n<p>Bapt Suriye&#8217;ye ziyaretlerinin siyasi ya da diplomatik bir ama\u00e7 ta\u015f\u0131mad\u0131\u011f\u0131n\u0131, Suriye&#8217;deki durumlar\u0131 yak\u0131ndan g\u00f6rme, tarihi eser ve miras\u0131n korunmas\u0131 y\u00f6n\u00fcnde at\u0131lan ad\u0131mlar\u0131 inceleme ve Suriyelilerle dayan\u0131\u015fma sembol\u00fc ba\u011flam\u0131nda geldi\u011fini s\u00f6yledi.<\/p>\n<p>Meclis Ba\u015fkan\u0131 Lahham ile g\u00f6r\u00fc\u015fmeleri ard\u0131ndan Frans\u0131z konuk heyet Halk Meclisinde Arap ve D\u0131\u015f \u0130li\u015fkiler Komisyonunun yan\u0131 s\u0131ra Ulusal Uzla\u015fma komisyonu ile bir araya gelerek iki komisyonun \u00e7al\u0131\u015fmalar\u0131 hakk\u0131nda bilgi ald\u0131lar.<\/p>\n<div id='gallery-1' class='gallery galleryid-48150 gallery-columns-3 gallery-size-thumbnail'><figure class='gallery-item'>\n\t\t\t<div class='gallery-icon landscape'>\n\t\t\t\t<a href='https:\/\/archive.sana.sy\/tr\/wp-content\/uploads\/2015\/09\/257.jpg'><img loading=\"lazy\" decoding=\"async\" width=\"150\" height=\"99\" src=\"https:\/\/archive.sana.sy\/tr\/wp-content\/uploads\/2015\/09\/257-150x99.jpg\" class=\"attachment-thumbnail size-thumbnail\" alt=\"\" srcset=\"https:\/\/archive.sana.sy\/tr\/wp-content\/uploads\/2015\/09\/257-150x99.jpg 150w, https:\/\/archive.sana.sy\/tr\/wp-content\/uploads\/2015\/09\/257-300x197.jpg 300w, https:\/\/archive.sana.sy\/tr\/wp-content\/uploads\/2015\/09\/257-1024x674.jpg 1024w\" sizes=\"auto, (max-width: 150px) 100vw, 150px\" \/><\/a>\n\t\t\t<\/div><\/figure><figure class='gallery-item'>\n\t\t\t<div class='gallery-icon landscape'>\n\t\t\t\t<a href='https:\/\/archive.sana.sy\/tr\/wp-content\/uploads\/2015\/09\/340.jpg'><img loading=\"lazy\" decoding=\"async\" width=\"150\" height=\"92\" src=\"https:\/\/archive.sana.sy\/tr\/wp-content\/uploads\/2015\/09\/340-150x92.jpg\" class=\"attachment-thumbnail size-thumbnail\" alt=\"\" srcset=\"https:\/\/archive.sana.sy\/tr\/wp-content\/uploads\/2015\/09\/340-150x92.jpg 150w, https:\/\/archive.sana.sy\/tr\/wp-content\/uploads\/2015\/09\/340-300x183.jpg 300w, https:\/\/archive.sana.sy\/tr\/wp-content\/uploads\/2015\/09\/340-1024x626.jpg 1024w\" sizes=\"auto, (max-width: 150px) 100vw, 150px\" \/><\/a>\n\t\t\t<\/div><\/figure><figure class='gallery-item'>\n\t\t\t<div class='gallery-icon landscape'>\n\t\t\t\t<a href='https:\/\/archive.sana.sy\/tr\/wp-content\/uploads\/2015\/09\/439.jpg'><img loading=\"lazy\" decoding=\"async\" width=\"150\" height=\"93\" src=\"https:\/\/archive.sana.sy\/tr\/wp-content\/uploads\/2015\/09\/439-150x93.jpg\" class=\"attachment-thumbnail size-thumbnail\" alt=\"\" srcset=\"https:\/\/archive.sana.sy\/tr\/wp-content\/uploads\/2015\/09\/439-150x93.jpg 150w, https:\/\/archive.sana.sy\/tr\/wp-content\/uploads\/2015\/09\/439-300x186.jpg 300w, https:\/\/archive.sana.sy\/tr\/wp-content\/uploads\/2015\/09\/439-1024x635.jpg 1024w\" sizes=\"auto, (max-width: 150px) 100vw, 150px\" \/><\/a>\n\t\t\t<\/div><\/figure>\n\t\t<\/div>\n\n","protected":false},"excerpt":{"rendered":"<p>\u015eAM \u2013 Parlamenter Gerard Bapt ba\u015fkanl\u0131\u011f\u0131nda Suriye&#8217;yi ziyaret etmekte olan Frans\u0131z parlamenter ve gazeteci heyetini bug\u00fcn kabul eden Halk Meclisi Ba\u015fkan\u0131 Muhammed Cihat Lahham; Bat\u0131l\u0131 devletlerin b\u00f6lge devletlerine kar\u015f\u0131 politikalar\u0131 ve tekfirci ter\u00f6re ili\u015fkin tutumlar\u0131n\u0131n ba\u015far\u0131s\u0131zl\u0131\u011f\u0131n\u0131 itiraf etmenin zaman\u0131 geldi\u011fini belirtti. Meclis Ba\u015fkan\u0131 Lahham Suriye&#8217;ye kar\u015f\u0131 politikalar\u0131yla bilinen kimi devletlerin tutum ve siyasetlerinin d\u00fczeltilmesinde parlamenterlerin &hellip;<\/p>\n","protected":false},"author":1,"featured_media":48151,"comment_status":"closed","ping_status":"closed","sticky":false,"template":"","format":"standard","meta":{"footnotes":""},"categories":[479,2554,2555,478],"tags":[16961,16960,16959],"class_list":["post-48150","post","type-post","status-publish","format-standard","has-post-thumbnail","","category-haberler-yerel","category-suriye-ve-dunya","category-suriye-ve-turkiye","category-yerel","tag-halk-meclisi-baskani-muhammed-cihat-lahham","tag-parlamenter-gerard-bapt-baskanliginda-suriyeyi-ziyaret-etmekte-olan-fransiz-parlamenter-ve-gazeteci-heyeti","tag-yanlis-politikalari-ve-terorden-yana-tutumlarinin-yanlisligini-itiraf-etme-zamani-geldi"],"_links":{"self":[{"href":"https:\/\/archive.sana.sy\/tr\/index.php?rest_route=\/wp\/v2\/posts\/48150","targetHints":{"allow":["GET"]}}],"collection":[{"href":"https:\/\/archive.sana.sy\/tr\/index.php?rest_route=\/wp\/v2\/posts"}],"about":[{"href":"https:\/\/archive.sana.sy\/tr\/index.php?rest_route=\/wp\/v2\/types\/post"}],"author":[{"embeddable":true,"href":"https:\/\/archive.sana.sy\/tr\/index.php?rest_route=\/wp\/v2\/users\/1"}],"replies":[{"embeddable":true,"href":"https:\/\/archive.sana.sy\/tr\/index.php?rest_route=%2Fwp%2Fv2%2Fcomments&post=48150"}],"version-history":[{"count":0,"href":"https:\/\/archive.sana.sy\/tr\/index.php?rest_route=\/wp\/v2\/posts\/48150\/revisions"}],"wp:featuredmedia":[{"embeddable":true,"href":"https:\/\/archive.sana.sy\/tr\/index.php?rest_route=\/wp\/v2\/media\/48151"}],"wp:attachment":[{"href":"https:\/\/archive.sana.sy\/tr\/index.php?rest_route=%2Fwp%2Fv2%2Fmedia&parent=48150"}],"wp:term":[{"taxonomy":"category","embeddable":true,"href":"https:\/\/archive.sana.sy\/tr\/index.php?rest_route=%2Fwp%2Fv2%2Fcategories&post=48150"},{"taxonomy":"post_tag","embeddable":true,"href":"https:\/\/archive.sana.sy\/tr\/index.php?rest_route=%2Fwp%2Fv2%2Ftags&post=48150"}],"curies":[{"name":"wp","href":"https:\/\/api.w.org\/{rel}","templated":true}]}}