{"id":48160,"date":"2015-09-28T19:35:32","date_gmt":"2015-09-28T16:35:32","guid":{"rendered":"http:\/\/www.sana.sy\/tr\/?p=48160"},"modified":"2015-09-28T19:35:32","modified_gmt":"2015-09-28T16:35:32","slug":"rusya-baskani-putin-karada-tek-basina-terore-karsi-savasan-suriye-ordusuyla-koordinasyona-girmemenin-bir-yanlis-oldugunu-belirtti","status":"publish","type":"post","link":"https:\/\/archive.sana.sy\/tr\/?p=48160","title":{"rendered":"Rusya Ba\u015fkan\u0131 Putin; Karada tek ba\u015f\u0131na ter\u00f6re kar\u015f\u0131 sava\u015fan Suriye ordusuyla koordinasyona girmemenin bir yanl\u0131\u015f oldu\u011funu belirtti"},"content":{"rendered":"<p>Rusya Ba\u015fkan\u0131 Putin; Karada tek ba\u015f\u0131na ter\u00f6re kar\u015f\u0131 sava\u015fan Suriye ordusuyla koordinasyona girmemenin bir yanl\u0131\u015f oldu\u011funu belirtti<\/p>\n","protected":false},"excerpt":{"rendered":"<p>Rusya Ba\u015fkan\u0131 Putin; Karada tek ba\u015f\u0131na ter\u00f6re kar\u015f\u0131 sava\u015fan Suriye ordusuyla koordinasyona girmemenin bir yanl\u0131\u015f oldu\u011funu belirtti<\/p>\n","protected":false},"author":1,"featured_media":0,"comment_status":"closed","ping_status":"closed","sticky":false,"template":"","format":"standard","meta":{"footnotes":""},"categories":[1],"tags":[],"class_list":["post-48160","post","type-post","status-publish","format-standard","","category-news-not-sorted"],"_links":{"self":[{"href":"https:\/\/archive.sana.sy\/tr\/index.php?rest_route=\/wp\/v2\/posts\/48160","targetHints":{"allow":["GET"]}}],"collection":[{"href":"https:\/\/archive.sana.sy\/tr\/index.php?rest_route=\/wp\/v2\/posts"}],"about":[{"href":"https:\/\/archive.sana.sy\/tr\/index.php?rest_route=\/wp\/v2\/types\/post"}],"author":[{"embeddable":true,"href":"https:\/\/archive.sana.sy\/tr\/index.php?rest_route=\/wp\/v2\/users\/1"}],"replies":[{"embeddable":true,"href":"https:\/\/archive.sana.sy\/tr\/index.php?rest_route=%2Fwp%2Fv2%2Fcomments&post=48160"}],"version-history":[{"count":0,"href":"https:\/\/archive.sana.sy\/tr\/index.php?rest_route=\/wp\/v2\/posts\/48160\/revisions"}],"wp:attachment":[{"href":"https:\/\/archive.sana.sy\/tr\/index.php?rest_route=%2Fwp%2Fv2%2Fmedia&parent=48160"}],"wp:term":[{"taxonomy":"category","embeddable":true,"href":"https:\/\/archive.sana.sy\/tr\/index.php?rest_route=%2Fwp%2Fv2%2Fcategories&post=48160"},{"taxonomy":"post_tag","embeddable":true,"href":"https:\/\/archive.sana.sy\/tr\/index.php?rest_route=%2Fwp%2Fv2%2Ftags&post=48160"}],"curies":[{"name":"wp","href":"https:\/\/api.w.org\/{rel}","templated":true}]}}