{"id":48162,"date":"2015-09-28T19:53:05","date_gmt":"2015-09-28T16:53:05","guid":{"rendered":"http:\/\/www.sana.sy\/tr\/?p=48162"},"modified":"2015-09-28T19:53:05","modified_gmt":"2015-09-28T16:53:05","slug":"putin-kimi-devletlerin-bm-misaki-ve-kanunlari-etrafinda-dolanmalarinin-kabul-edilmeyecek-bir-durum-oldugunu-belirtti","status":"publish","type":"post","link":"https:\/\/archive.sana.sy\/tr\/?p=48162","title":{"rendered":"Putin; kimi devletlerin BM misak\u0131 ve kanunlar\u0131 etraf\u0131nda dolanmalar\u0131n\u0131n kabul edilmeyecek bir durum oldu\u011funu belirtti"},"content":{"rendered":"<p>Putin; kimi devletlerin BM misak\u0131 ve kanunlar\u0131 etraf\u0131nda dolanmalar\u0131n\u0131n kabul edilmeyecek bir durum oldu\u011funu belirtti<\/p>\n","protected":false},"excerpt":{"rendered":"<p>Putin; kimi devletlerin BM misak\u0131 ve kanunlar\u0131 etraf\u0131nda dolanmalar\u0131n\u0131n kabul edilmeyecek bir durum oldu\u011funu belirtti<\/p>\n","protected":false},"author":1,"featured_media":0,"comment_status":"closed","ping_status":"closed","sticky":false,"template":"","format":"standard","meta":{"footnotes":""},"categories":[1],"tags":[],"class_list":["post-48162","post","type-post","status-publish","format-standard","","category-news-not-sorted"],"_links":{"self":[{"href":"https:\/\/archive.sana.sy\/tr\/index.php?rest_route=\/wp\/v2\/posts\/48162","targetHints":{"allow":["GET"]}}],"collection":[{"href":"https:\/\/archive.sana.sy\/tr\/index.php?rest_route=\/wp\/v2\/posts"}],"about":[{"href":"https:\/\/archive.sana.sy\/tr\/index.php?rest_route=\/wp\/v2\/types\/post"}],"author":[{"embeddable":true,"href":"https:\/\/archive.sana.sy\/tr\/index.php?rest_route=\/wp\/v2\/users\/1"}],"replies":[{"embeddable":true,"href":"https:\/\/archive.sana.sy\/tr\/index.php?rest_route=%2Fwp%2Fv2%2Fcomments&post=48162"}],"version-history":[{"count":0,"href":"https:\/\/archive.sana.sy\/tr\/index.php?rest_route=\/wp\/v2\/posts\/48162\/revisions"}],"wp:attachment":[{"href":"https:\/\/archive.sana.sy\/tr\/index.php?rest_route=%2Fwp%2Fv2%2Fmedia&parent=48162"}],"wp:term":[{"taxonomy":"category","embeddable":true,"href":"https:\/\/archive.sana.sy\/tr\/index.php?rest_route=%2Fwp%2Fv2%2Fcategories&post=48162"},{"taxonomy":"post_tag","embeddable":true,"href":"https:\/\/archive.sana.sy\/tr\/index.php?rest_route=%2Fwp%2Fv2%2Ftags&post=48162"}],"curies":[{"name":"wp","href":"https:\/\/api.w.org\/{rel}","templated":true}]}}