{"id":48166,"date":"2015-09-28T20:15:54","date_gmt":"2015-09-28T17:15:54","guid":{"rendered":"http:\/\/www.sana.sy\/tr\/?p=48166"},"modified":"2015-09-28T19:55:23","modified_gmt":"2015-09-28T16:55:23","slug":"putin-sorumsuz-tutum-ve-politikalar-nedeniyle-radikal-tekfirciler-ve-azili-teroristlerin-dunyanin-bircok-ulkesinden-ortadoguya-akin-ettiklerine-dikkat-cekti","status":"publish","type":"post","link":"https:\/\/archive.sana.sy\/tr\/?p=48166","title":{"rendered":"Putin sorumsuz tutum ve politikalar nedeniyle radikal tekfirciler ve az\u0131l\u0131 ter\u00f6ristlerin d\u00fcnyan\u0131n bir\u00e7ok \u00fclkesinden Ortado\u011fu\u2019ya ak\u0131n ettiklerine dikkat \u00e7ekti"},"content":{"rendered":"<p>Putin sorumsuz tutum ve politikalar nedeniyle radikal tekfirciler ve az\u0131l\u0131 ter\u00f6ristlerin d\u00fcnyan\u0131n bir\u00e7ok \u00fclkesinden Ortado\u011fu\u2019ya ak\u0131n ettiklerine dikkat \u00e7ekti<\/p>\n","protected":false},"excerpt":{"rendered":"<p>Putin sorumsuz tutum ve politikalar nedeniyle radikal tekfirciler ve az\u0131l\u0131 ter\u00f6ristlerin d\u00fcnyan\u0131n bir\u00e7ok \u00fclkesinden Ortado\u011fu\u2019ya ak\u0131n ettiklerine dikkat \u00e7ekti<\/p>\n","protected":false},"author":1,"featured_media":0,"comment_status":"closed","ping_status":"closed","sticky":false,"template":"","format":"standard","meta":{"footnotes":""},"categories":[1],"tags":[],"class_list":["post-48166","post","type-post","status-publish","format-standard","","category-news-not-sorted"],"_links":{"self":[{"href":"https:\/\/archive.sana.sy\/tr\/index.php?rest_route=\/wp\/v2\/posts\/48166","targetHints":{"allow":["GET"]}}],"collection":[{"href":"https:\/\/archive.sana.sy\/tr\/index.php?rest_route=\/wp\/v2\/posts"}],"about":[{"href":"https:\/\/archive.sana.sy\/tr\/index.php?rest_route=\/wp\/v2\/types\/post"}],"author":[{"embeddable":true,"href":"https:\/\/archive.sana.sy\/tr\/index.php?rest_route=\/wp\/v2\/users\/1"}],"replies":[{"embeddable":true,"href":"https:\/\/archive.sana.sy\/tr\/index.php?rest_route=%2Fwp%2Fv2%2Fcomments&post=48166"}],"version-history":[{"count":0,"href":"https:\/\/archive.sana.sy\/tr\/index.php?rest_route=\/wp\/v2\/posts\/48166\/revisions"}],"wp:attachment":[{"href":"https:\/\/archive.sana.sy\/tr\/index.php?rest_route=%2Fwp%2Fv2%2Fmedia&parent=48166"}],"wp:term":[{"taxonomy":"category","embeddable":true,"href":"https:\/\/archive.sana.sy\/tr\/index.php?rest_route=%2Fwp%2Fv2%2Fcategories&post=48166"},{"taxonomy":"post_tag","embeddable":true,"href":"https:\/\/archive.sana.sy\/tr\/index.php?rest_route=%2Fwp%2Fv2%2Ftags&post=48166"}],"curies":[{"name":"wp","href":"https:\/\/api.w.org\/{rel}","templated":true}]}}