{"id":48207,"date":"2015-09-29T17:24:04","date_gmt":"2015-09-29T14:24:04","guid":{"rendered":"http:\/\/www.sana.sy\/tr\/?p=48207"},"modified":"2015-09-30T15:07:20","modified_gmt":"2015-09-30T12:07:20","slug":"turkiye-ve-diger-devletler-mesgul-etmeselerdi-isidi-uluslararasi-koalisyona-ihtiyac-olmadan-3-ayda-bitirirdi","status":"publish","type":"post","link":"https:\/\/archive.sana.sy\/tr\/?p=48207","title":{"rendered":"T\u00fcrkiye ve Di\u011fer Devletler Me\u015fgul Etmeselerdi, I\u015e\u0130D\u2019i Uluslararas\u0131 Koalisyona \u0130htiya\u00e7 Olmadan 3 Ayda Bitirirdi"},"content":{"rendered":"<p>NEW YORK \u2013 Suriye&#8217;nin Birle\u015fmi\u015f Milletlerdeki Daimi Temsilcisi Be\u015f\u015far el Caferi; Rusya&#8217;n\u0131n durum ve olaylar\u0131 ger\u00e7ek\u00e7i bir \u015fekilde okudu\u011funu belirtti.<\/p>\n<p>RT Kanal\u0131na a\u00e7\u0131klamalar\u0131nda Caferi; Rusya Ba\u015fkan\u0131 Vladimir Putin\u2019in BM genel kurul \u00e7al\u0131\u015fmalar\u0131nda yapt\u0131\u011f\u0131 konu\u015fmada \u2018Suriye ordusu ile koordinasyon olmadan ter\u00f6rle m\u00fccadeleyi d\u00fc\u015f\u00fcnmenin m\u00fcmk\u00fcn olmad\u0131\u011f\u0131n\u0131\u2019 belirtmekle Moskova\u2019n\u0131n ger\u00e7ek\u00e7i bak\u0131\u015f a\u00e7\u0131s\u0131n\u0131 bir kez daha ifade etti\u011fini s\u00f6yledi.<\/p>\n<p>Suriye ordusunun b\u00f6lgenin tamam\u0131nda me\u015fru cumhurba\u015fkan\u0131 ve h\u00fck\u00fcmet taraf\u0131ndan komuta edilip ter\u00f6re kar\u015f\u0131 sava\u015fan yegane ordu oldu\u011funa vurgu yapan Caferi; bu ordu ile koordinasyon olmadan ter\u00f6re kar\u015f\u0131 m\u00fccadelenin d\u00fc\u015f\u00fcn\u00fclemez oldu\u011funu ifade etti. Caferi Bat\u0131l\u0131 kimi devletler, \u0130srail, bir k\u0131s\u0131m Arap devletleri ve T\u00fcrkiye&#8217;deki rejimin bu orduyu 600\u2019den fazla cephede me\u015fgul ediyor olmasalard\u0131 I\u015e\u0130D \u00d6rg\u00fct\u00fcn\u00fc uluslar aras\u0131 bir koalisyona ihtiya\u00e7 olmadan ABD ba\u015fkan\u0131 Obama\u2019n\u0131n s\u00f6yledi\u011fi gibi 30 y\u0131lda de\u011fil, 3 ay i\u00e7inde yok etme g\u00fcc\u00fcne sahip oldu\u011funun alt\u0131n\u0131 \u00e7izdi.<\/p>\n<p>Ter\u00f6rle m\u00fccadelenin sadece ter\u00f6r\u00fc k\u0131namakla de\u011fil, destekleyicilerini de k\u0131namakla olmas\u0131 gerekti\u011fini s\u00f6yleyen Caferi; maddi, askeri, diplomatik ve siyasi a\u00e7\u0131dan korunmas\u0131na ve desteklenmesine kar\u015f\u0131 ciddi bir tutumu gerektirdi\u011finin alt\u0131n\u0131 \u00e7izdi.<\/p>\n<p>Belli ba\u015fl\u0131 kimi M\u00fcsl\u00fcman devletlerin herkesten daha \u00e7ok ter\u00f6rle m\u00fccadele etmesi gerekti\u011fine dikkat \u00e7eken Caferi; G\u00fcvenlik Konseyinin yedinci bent alt\u0131nda alm\u0131\u015f oldu\u011fu ve ter\u00f6r\u00fcn askeri, siyasi ve para a\u00e7\u0131s\u0131ndan deste\u011fini yasaklayan bir dizi karara uyulmas\u0131 gere\u011fine vurgu yapt\u0131. Caferi fakat G\u00fcvenlik Konseyinin raporlar\u0131na ilaveten istihbarat ve medya raporlar\u0131nda yurtd\u0131\u015f\u0131ndan gelen ter\u00f6ristlerin genelinin bu \u00fclkelerin s\u0131n\u0131rlar\u0131 \u00fczerinden ve Irak\u2019a girdiklerinin g\u00f6r\u00fcld\u00fc\u011f\u00fcne i\u015faret etti.<\/p>\n<p>Suriye&#8217;de ter\u00f6r\u00fc destekleyen T\u00fcrkiye ve daha ba\u015fka devletlerin Ba\u015fkan Putin\u2019in \u00e7a\u011f\u0131rd\u0131\u011f\u0131 uluslar aras\u0131 koalisyona kat\u0131lmalar\u0131na ili\u015fkin Suriye&#8217;nin tutumu konusunda Caferi; ancak ve ancak bu koalisyonun hedef ve ama\u00e7lar\u0131na inanlar\u0131n kat\u0131labilece\u011fini belirtti. Caferi ter\u00f6r\u00fc destekleyen birilerini koalisyona \u00e7a\u011f\u0131rman\u0131n mant\u0131ks\u0131zl\u0131\u011f\u0131na dikkat \u00e7ekti.<\/p>\n<p>Suriye ve Irak\u2019a giren ter\u00f6ristlerin %95\u2019inin T\u00fcrkiye ve \u00dcrd\u00fcn \u00fczerinden girdiklerini ifade eden Caferi; dolay\u0131s\u0131yla bu devletlerin koalisyona girmelerinin \u00f6nemli oldu\u011funu, fakat daha da \u00f6nemli olan\u0131n s\u00f6z konusu bu devletlerin bu ba\u011flamda ger\u00e7ek ve d\u00fcr\u00fcst bir iradelerinin olmas\u0131 oldu\u011funun alt\u0131n\u0131 \u00e7izdi.<\/p>\n<p>Suriye&#8217;ye d\u00fc\u015fman devletlerin Cumhurba\u015fkan\u0131 Be\u015f\u015far el Esad\u2019\u0131n g\u00f6revinden \u00e7ekilmesine ili\u015fkin a\u00e7\u0131klamalar\u0131 konusunda bir soruya cevab\u0131nda Caferi; el Esad\u2019\u0131n halk\u0131 taraf\u0131ndan se\u00e7imle se\u00e7ilen me\u015fru bir cumhurba\u015fkan\u0131 oldu\u011funun alt\u0131n\u0131 \u00e7izdi. Caferi dolay\u0131s\u0131yla ne Obama ne de ba\u015fka hi\u00e7 kimsenin el Esad\u2019\u0131n me\u015frulu\u011fu hakk\u0131nda konu\u015fma hakk\u0131 yada yetkisine sahip olmad\u0131\u011f\u0131n\u0131 s\u00f6yledi. BM misak\u0131n\u0131n yan\u0131 s\u0131ra G\u00fcvenlik Konseyinin Suriye&#8217;ye ili\u015fkin t\u00fcm kararlar\u0131nda Suriye&#8217;nin toprak ve halk b\u00fct\u00fcnl\u00fc\u011f\u00fcn\u00fc, siyasi egemenlik ve ba\u011f\u0131ms\u0131zl\u0131\u011f\u0131n\u0131 vurgulad\u0131\u011f\u0131n\u0131 ifade eden Caferi; Suriye&#8217;nin i\u00e7i\u015flerline herhangi bir m\u00fcdahaleyi de yasaklad\u0131\u011f\u0131na vurgu yapt\u0131. Caferi Obama ve di\u011ferlerinin gece g\u00fcnd\u00fcz propagandas\u0131n\u0131 yapt\u0131klar\u0131 Cenevre I deklarasyonun da el Esad\u2019tan s\u00f6z etmeyip sadece ulusal h\u00fck\u00fcmetin te\u015fkilinden s\u00f6z etti\u011fine dikkat \u00e7ekerken, el Esad\u2019\u0131n g\u00f6revinden \u00e7ekilmesinden s\u00f6z edenlerin kanun ve kararlara ilaveten Cenevre I deklarasyonunu da kendi \u00e7\u0131karlar\u0131 do\u011frultusunda okuduklar\u0131n\u0131 ifade etti.<\/p>\n<p>Suriye&#8217;nin BM daimi temsilcisi Caferi istisnas\u0131z herkesin; Suriye&#8217;de me\u015fru ve sorumlu bir devlet bulundu\u011funu, ter\u00f6rle m\u00fccadelede bu devletle koordinasyonun zorunlu oldu\u011funu idrak etmelerinin zaman\u0131 geldi\u011fine dikkat \u00e7ekti. Ayn\u0131 zamanda istisnas\u0131z herkesin Suriye devletinin y\u00f6netimi yol kesiciler, \u00e7eteler, cihat serseriler ve kaos\u00e7ulara teslim etmesinin m\u00fcmk\u00fcn olmad\u0131\u011f\u0131n\u0131 da net bir \u015fekilde idrak etmeleri gerekti\u011finin alt\u0131n\u0131 \u00e7izdi.<\/p>\n","protected":false},"excerpt":{"rendered":"<p>NEW YORK \u2013 Suriye&#8217;nin Birle\u015fmi\u015f Milletlerdeki Daimi Temsilcisi Be\u015f\u015far el Caferi; Rusya&#8217;n\u0131n durum ve olaylar\u0131 ger\u00e7ek\u00e7i bir \u015fekilde okudu\u011funu belirtti. RT Kanal\u0131na a\u00e7\u0131klamalar\u0131nda Caferi; Rusya Ba\u015fkan\u0131 Vladimir Putin\u2019in BM genel kurul \u00e7al\u0131\u015fmalar\u0131nda yapt\u0131\u011f\u0131 konu\u015fmada \u2018Suriye ordusu ile koordinasyon olmadan ter\u00f6rle m\u00fccadeleyi d\u00fc\u015f\u00fcnmenin m\u00fcmk\u00fcn olmad\u0131\u011f\u0131n\u0131\u2019 belirtmekle Moskova\u2019n\u0131n ger\u00e7ek\u00e7i bak\u0131\u015f a\u00e7\u0131s\u0131n\u0131 bir kez daha ifade etti\u011fini s\u00f6yledi. &hellip;<\/p>\n","protected":false},"author":1,"featured_media":48208,"comment_status":"closed","ping_status":"closed","sticky":false,"template":"","format":"standard","meta":{"footnotes":""},"categories":[458,459,2554,2555],"tags":[16882],"class_list":["post-48207","post","type-post","status-publish","format-standard","has-post-thumbnail","","category-dunya1","category-haberler-arap-uluslararasi-politika","category-suriye-ve-dunya","category-suriye-ve-turkiye","tag-suriyenin-birlesmis-milletlerdeki-daimi-temsilcisi-bessar-el-caferi"],"_links":{"self":[{"href":"https:\/\/archive.sana.sy\/tr\/index.php?rest_route=\/wp\/v2\/posts\/48207","targetHints":{"allow":["GET"]}}],"collection":[{"href":"https:\/\/archive.sana.sy\/tr\/index.php?rest_route=\/wp\/v2\/posts"}],"about":[{"href":"https:\/\/archive.sana.sy\/tr\/index.php?rest_route=\/wp\/v2\/types\/post"}],"author":[{"embeddable":true,"href":"https:\/\/archive.sana.sy\/tr\/index.php?rest_route=\/wp\/v2\/users\/1"}],"replies":[{"embeddable":true,"href":"https:\/\/archive.sana.sy\/tr\/index.php?rest_route=%2Fwp%2Fv2%2Fcomments&post=48207"}],"version-history":[{"count":0,"href":"https:\/\/archive.sana.sy\/tr\/index.php?rest_route=\/wp\/v2\/posts\/48207\/revisions"}],"wp:featuredmedia":[{"embeddable":true,"href":"https:\/\/archive.sana.sy\/tr\/index.php?rest_route=\/wp\/v2\/media\/48208"}],"wp:attachment":[{"href":"https:\/\/archive.sana.sy\/tr\/index.php?rest_route=%2Fwp%2Fv2%2Fmedia&parent=48207"}],"wp:term":[{"taxonomy":"category","embeddable":true,"href":"https:\/\/archive.sana.sy\/tr\/index.php?rest_route=%2Fwp%2Fv2%2Fcategories&post=48207"},{"taxonomy":"post_tag","embeddable":true,"href":"https:\/\/archive.sana.sy\/tr\/index.php?rest_route=%2Fwp%2Fv2%2Ftags&post=48207"}],"curies":[{"name":"wp","href":"https:\/\/api.w.org\/{rel}","templated":true}]}}