{"id":48253,"date":"2015-09-30T15:41:29","date_gmt":"2015-09-30T12:41:29","guid":{"rendered":"http:\/\/www.sana.sy\/tr\/?p=48253"},"modified":"2015-09-30T15:41:30","modified_gmt":"2015-09-30T12:41:30","slug":"komsu-devletlerden-gelen-kacakci-cetelerle-birlikte-tarihi-eser-kaziyor","status":"publish","type":"post","link":"https:\/\/archive.sana.sy\/tr\/?p=48253","title":{"rendered":"Kom\u015fu Devletlerden Gelen Ka\u00e7ak\u00e7\u0131 \u00c7etelerle Birlikte Tarihi Eser Kaz\u0131yor"},"content":{"rendered":"<p>\u015eAM \u2013 M\u00fcze ve Tarihi Eser Genel M\u00fcd\u00fcr\u00fc Mamun Abd\u00fclkerim; ya\u011fmalay\u0131p gasp etti\u011fi tarihi eserleri T\u00fcrkiye&#8217;deki rejim ve T\u00fcrk arac\u0131lar\u0131n i\u015fbirli\u011fi ile satan I\u015e\u0130D \u00f6rg\u00fct\u00fcn\u00fcn Deyrezzor k\u0131rsal\u0131nda a\u011f\u0131r i\u015f makineleri ile tarihi eser kaz\u0131lar\u0131nda bulundu\u011funu belirtti.<\/p>\n<p>SANA\u2019ya a\u00e7\u0131klamas\u0131nda Abd\u00fclkerim; Deyrezzor\u2019dan yerel kaynaklar\u0131n, karanl\u0131k ideoloji, \u00f6l\u00fcm ve y\u0131k\u0131mdan ba\u015fka bir \u015fey bilmeyen ter\u00f6ristlerin il k\u0131rsal\u0131n\u0131n Kisra ve Sin antik tepelerinde dozer ve benzeri i\u015f makineleri ile tarihi eser kaz\u0131d\u0131klar\u0131n\u0131 aktard\u0131klar\u0131n\u0131 s\u00f6yledi.<\/p>\n<p>Bir s\u00fcre \u00f6nce ba\u015flayan kaz\u0131lar\u0131n kom\u015fu devletlerden gelen tarihi eser ka\u00e7ak\u00e7\u0131l\u0131k \u00e7eteleriyle i\u015fbirli\u011fi i\u00e7inde yap\u0131ld\u0131\u011f\u0131n\u0131 belirten Abd\u00fclkerim; geni\u015f alanlara yay\u0131lan s\u00f6z konusu arkeolojik b\u00f6lgelerde Bizans d\u00f6neminden kalma eserlerin var odlu\u011funu ifade etti.<\/p>\n<p>Abd\u00fclkerim; I\u015e\u0130D \u00e7etelerinin bulunduklar\u0131 b\u00f6lgelerde tarihi eserlere verdikleri hasar\u0131n yan\u0131 s\u0131ra T\u00fcrkiye rejimi ve ka\u00e7ak\u00e7\u0131 \u00e7etelerinin i\u015fbirli\u011fi ile yurtd\u0131\u015f\u0131na ka\u00e7\u0131rd\u0131\u011f\u0131 tarihi eserlerin kayb\u0131na dikkat \u00e7ekerken, bunun ter\u00f6r finans\u0131na sa\u011flad\u0131\u011f\u0131 katk\u0131ya da vurgu yapt\u0131.<\/p>\n","protected":false},"excerpt":{"rendered":"<p>\u015eAM \u2013 M\u00fcze ve Tarihi Eser Genel M\u00fcd\u00fcr\u00fc Mamun Abd\u00fclkerim; ya\u011fmalay\u0131p gasp etti\u011fi tarihi eserleri T\u00fcrkiye&#8217;deki rejim ve T\u00fcrk arac\u0131lar\u0131n i\u015fbirli\u011fi ile satan I\u015e\u0130D \u00f6rg\u00fct\u00fcn\u00fcn Deyrezzor k\u0131rsal\u0131nda a\u011f\u0131r i\u015f makineleri ile tarihi eser kaz\u0131lar\u0131nda bulundu\u011funu belirtti. SANA\u2019ya a\u00e7\u0131klamas\u0131nda Abd\u00fclkerim; Deyrezzor\u2019dan yerel kaynaklar\u0131n, karanl\u0131k ideoloji, \u00f6l\u00fcm ve y\u0131k\u0131mdan ba\u015fka bir \u015fey bilmeyen ter\u00f6ristlerin il k\u0131rsal\u0131n\u0131n Kisra &hellip;<\/p>\n","protected":false},"author":1,"featured_media":48254,"comment_status":"closed","ping_status":"closed","sticky":false,"template":"","format":"standard","meta":{"footnotes":""},"categories":[479,516,511,2554,2555,478],"tags":[16997,16996,16998],"class_list":["post-48253","post","type-post","status-publish","format-standard","has-post-thumbnail","","category-haberler-yerel","category-haberler-kultur-ve-sanat","category-kultur-ve-sanat","category-suriye-ve-dunya","category-suriye-ve-turkiye","category-yerel","tag-komsu-devletlerden-gelen-kacakci-cetelerle-birlikte-tarihi-eser-kaziyor","tag-mamun-abdulkerim","tag-taroristler-tarihi-eserleri-yagmaliyor"],"_links":{"self":[{"href":"https:\/\/archive.sana.sy\/tr\/index.php?rest_route=\/wp\/v2\/posts\/48253","targetHints":{"allow":["GET"]}}],"collection":[{"href":"https:\/\/archive.sana.sy\/tr\/index.php?rest_route=\/wp\/v2\/posts"}],"about":[{"href":"https:\/\/archive.sana.sy\/tr\/index.php?rest_route=\/wp\/v2\/types\/post"}],"author":[{"embeddable":true,"href":"https:\/\/archive.sana.sy\/tr\/index.php?rest_route=\/wp\/v2\/users\/1"}],"replies":[{"embeddable":true,"href":"https:\/\/archive.sana.sy\/tr\/index.php?rest_route=%2Fwp%2Fv2%2Fcomments&post=48253"}],"version-history":[{"count":0,"href":"https:\/\/archive.sana.sy\/tr\/index.php?rest_route=\/wp\/v2\/posts\/48253\/revisions"}],"wp:featuredmedia":[{"embeddable":true,"href":"https:\/\/archive.sana.sy\/tr\/index.php?rest_route=\/wp\/v2\/media\/48254"}],"wp:attachment":[{"href":"https:\/\/archive.sana.sy\/tr\/index.php?rest_route=%2Fwp%2Fv2%2Fmedia&parent=48253"}],"wp:term":[{"taxonomy":"category","embeddable":true,"href":"https:\/\/archive.sana.sy\/tr\/index.php?rest_route=%2Fwp%2Fv2%2Fcategories&post=48253"},{"taxonomy":"post_tag","embeddable":true,"href":"https:\/\/archive.sana.sy\/tr\/index.php?rest_route=%2Fwp%2Fv2%2Ftags&post=48253"}],"curies":[{"name":"wp","href":"https:\/\/api.w.org\/{rel}","templated":true}]}}