{"id":48256,"date":"2015-09-30T15:49:45","date_gmt":"2015-09-30T12:49:45","guid":{"rendered":"http:\/\/www.sana.sy\/tr\/?p=48256"},"modified":"2015-09-30T15:49:45","modified_gmt":"2015-09-30T12:49:45","slug":"rusya-ve-putinin-tutumlarina-guveniyoruz","status":"publish","type":"post","link":"https:\/\/archive.sana.sy\/tr\/?p=48256","title":{"rendered":"Rusya ve Putin\u2019in Tutumlar\u0131na G\u00fcveniyoruz"},"content":{"rendered":"<p>NEW YORK \u2013 Ba\u015fbakan Yard\u0131mc\u0131s\u0131 D\u0131\u015fi\u015fleri ve Gurbet\u00e7iler Bakan\u0131 Velid el Muallim; Suriye&#8217;nin ter\u00f6re kar\u015f\u0131 m\u00fccadelede Rusya ve ba\u015fkan\u0131 Vladimir Putin\u2019in tutumlar\u0131na g\u00fcveninin tam oldu\u011funu belirtti.<\/p>\n<p>Bug\u00fcn RT Kanal\u0131na a\u00e7\u0131klama yapan Muallim; Suriye&#8217;nin ne ABD ne de \u00e7a\u011fr\u0131s\u0131n\u0131 yapt\u0131\u011f\u0131 koalisyona hi\u00e7 g\u00fcvenmedi\u011fini ifade etti. Muallim ABD ve koalisyonunun Suriye ve Irak\u2019ta 9 binden fazla hava operasyonu d\u00fczenlediklerine i\u015faret ederken t\u00fcm bu operasyonlar\u0131n hi\u00e7bir olumlu etkisinin g\u00f6r\u00fclmedi\u011fine dikkat \u00e7ekti.<\/p>\n","protected":false},"excerpt":{"rendered":"<p>NEW YORK \u2013 Ba\u015fbakan Yard\u0131mc\u0131s\u0131 D\u0131\u015fi\u015fleri ve Gurbet\u00e7iler Bakan\u0131 Velid el Muallim; Suriye&#8217;nin ter\u00f6re kar\u015f\u0131 m\u00fccadelede Rusya ve ba\u015fkan\u0131 Vladimir Putin\u2019in tutumlar\u0131na g\u00fcveninin tam oldu\u011funu belirtti. Bug\u00fcn RT Kanal\u0131na a\u00e7\u0131klama yapan Muallim; Suriye&#8217;nin ne ABD ne de \u00e7a\u011fr\u0131s\u0131n\u0131 yapt\u0131\u011f\u0131 koalisyona hi\u00e7 g\u00fcvenmedi\u011fini ifade etti. Muallim ABD ve koalisyonunun Suriye ve Irak\u2019ta 9 binden fazla hava &hellip;<\/p>\n","protected":false},"author":1,"featured_media":48257,"comment_status":"closed","ping_status":"closed","sticky":false,"template":"","format":"standard","meta":{"footnotes":""},"categories":[458,459,447],"tags":[17000,16772,16999],"class_list":["post-48256","post","type-post","status-publish","format-standard","has-post-thumbnail","","category-dunya1","category-haberler-arap-uluslararasi-politika","category-politika","tag-abd-ve-koalisyonu","tag-basbakan-yardimcisi-disisleri-ve-gurbetciler-bakani-velid-el-muallim","tag-rusya-ve-putinin-tutumlarina-guveniyoruz"],"_links":{"self":[{"href":"https:\/\/archive.sana.sy\/tr\/index.php?rest_route=\/wp\/v2\/posts\/48256","targetHints":{"allow":["GET"]}}],"collection":[{"href":"https:\/\/archive.sana.sy\/tr\/index.php?rest_route=\/wp\/v2\/posts"}],"about":[{"href":"https:\/\/archive.sana.sy\/tr\/index.php?rest_route=\/wp\/v2\/types\/post"}],"author":[{"embeddable":true,"href":"https:\/\/archive.sana.sy\/tr\/index.php?rest_route=\/wp\/v2\/users\/1"}],"replies":[{"embeddable":true,"href":"https:\/\/archive.sana.sy\/tr\/index.php?rest_route=%2Fwp%2Fv2%2Fcomments&post=48256"}],"version-history":[{"count":0,"href":"https:\/\/archive.sana.sy\/tr\/index.php?rest_route=\/wp\/v2\/posts\/48256\/revisions"}],"wp:featuredmedia":[{"embeddable":true,"href":"https:\/\/archive.sana.sy\/tr\/index.php?rest_route=\/wp\/v2\/media\/48257"}],"wp:attachment":[{"href":"https:\/\/archive.sana.sy\/tr\/index.php?rest_route=%2Fwp%2Fv2%2Fmedia&parent=48256"}],"wp:term":[{"taxonomy":"category","embeddable":true,"href":"https:\/\/archive.sana.sy\/tr\/index.php?rest_route=%2Fwp%2Fv2%2Fcategories&post=48256"},{"taxonomy":"post_tag","embeddable":true,"href":"https:\/\/archive.sana.sy\/tr\/index.php?rest_route=%2Fwp%2Fv2%2Ftags&post=48256"}],"curies":[{"name":"wp","href":"https:\/\/api.w.org\/{rel}","templated":true}]}}