{"id":48268,"date":"2015-09-30T15:29:04","date_gmt":"2015-09-30T12:29:04","guid":{"rendered":"http:\/\/www.sana.sy\/tr\/?p=48268"},"modified":"2015-10-01T15:54:50","modified_gmt":"2015-10-01T12:54:50","slug":"suriye-ordusuna-havadan-destek-verecegiz","status":"publish","type":"post","link":"https:\/\/archive.sana.sy\/tr\/?p=48268","title":{"rendered":"Suriye Ordusuna Havadan Destek Verece\u011fiz"},"content":{"rendered":"<p>MOSKOVA \u2013 Rusya Federasyonu Ba\u015fkan\u0131 Vladimir Putin; Rusya&#8217;n\u0131n Suriye&#8217;de ter\u00f6re kar\u015f\u0131 m\u00fccadelede Suriye ordusuna hava operasyonlar\u0131 ile destek verece\u011fini ilan etti.<\/p>\n<p>Putin bug\u00fcn yapt\u0131\u011f\u0131 a\u00e7\u0131klamada; I\u015e\u0130D\u2019in uzun zamandan beri Rusya&#8217;y\u0131 d\u00fc\u015fman olarak ilan etti\u011fine i\u015faret ederken; bu y\u00f6ndeki haberlerin Rusya&#8217;n\u0131n Suriye ordusuna deste\u011fini etkilemeyece\u011fini ifade etti.<\/p>\n<p>Rusya&#8217;n\u0131n Suriye&#8217;deki faaliyetlerinin hedeflerine ili\u015fkin t\u00fcm devletlerin bilgi sahibi oldu\u011funu belirten Putin; Rusya&#8217;n\u0131n bu faaliyet ve operasyonlar\u0131n\u0131n a\u00e7\u0131k ve aleni oldu\u011funu, uluslar aras\u0131 kanun ve kararlara da tamamen ba\u011fl\u0131 oldu\u011funun alt\u0131n\u0131 \u00e7izdi.<\/p>\n","protected":false},"excerpt":{"rendered":"<p>MOSKOVA \u2013 Rusya Federasyonu Ba\u015fkan\u0131 Vladimir Putin; Rusya&#8217;n\u0131n Suriye&#8217;de ter\u00f6re kar\u015f\u0131 m\u00fccadelede Suriye ordusuna hava operasyonlar\u0131 ile destek verece\u011fini ilan etti. Putin bug\u00fcn yapt\u0131\u011f\u0131 a\u00e7\u0131klamada; I\u015e\u0130D\u2019in uzun zamandan beri Rusya&#8217;y\u0131 d\u00fc\u015fman olarak ilan etti\u011fine i\u015faret ederken; bu y\u00f6ndeki haberlerin Rusya&#8217;n\u0131n Suriye ordusuna deste\u011fini etkilemeyece\u011fini ifade etti. Rusya&#8217;n\u0131n Suriye&#8217;deki faaliyetlerinin hedeflerine ili\u015fkin t\u00fcm devletlerin bilgi sahibi &hellip;<\/p>\n","protected":false},"author":1,"featured_media":48046,"comment_status":"closed","ping_status":"closed","sticky":false,"template":"","format":"standard","meta":{"footnotes":""},"categories":[458,459,447],"tags":[16898,17001],"class_list":["post-48268","post","type-post","status-publish","format-standard","has-post-thumbnail","","category-dunya1","category-haberler-arap-uluslararasi-politika","category-politika","tag-rusya-federasyonu-baskani-vladimir-putin","tag-suriye-ordusuna-havadan-destek-verecegiz"],"_links":{"self":[{"href":"https:\/\/archive.sana.sy\/tr\/index.php?rest_route=\/wp\/v2\/posts\/48268","targetHints":{"allow":["GET"]}}],"collection":[{"href":"https:\/\/archive.sana.sy\/tr\/index.php?rest_route=\/wp\/v2\/posts"}],"about":[{"href":"https:\/\/archive.sana.sy\/tr\/index.php?rest_route=\/wp\/v2\/types\/post"}],"author":[{"embeddable":true,"href":"https:\/\/archive.sana.sy\/tr\/index.php?rest_route=\/wp\/v2\/users\/1"}],"replies":[{"embeddable":true,"href":"https:\/\/archive.sana.sy\/tr\/index.php?rest_route=%2Fwp%2Fv2%2Fcomments&post=48268"}],"version-history":[{"count":0,"href":"https:\/\/archive.sana.sy\/tr\/index.php?rest_route=\/wp\/v2\/posts\/48268\/revisions"}],"wp:featuredmedia":[{"embeddable":true,"href":"https:\/\/archive.sana.sy\/tr\/index.php?rest_route=\/wp\/v2\/media\/48046"}],"wp:attachment":[{"href":"https:\/\/archive.sana.sy\/tr\/index.php?rest_route=%2Fwp%2Fv2%2Fmedia&parent=48268"}],"wp:term":[{"taxonomy":"category","embeddable":true,"href":"https:\/\/archive.sana.sy\/tr\/index.php?rest_route=%2Fwp%2Fv2%2Fcategories&post=48268"},{"taxonomy":"post_tag","embeddable":true,"href":"https:\/\/archive.sana.sy\/tr\/index.php?rest_route=%2Fwp%2Fv2%2Ftags&post=48268"}],"curies":[{"name":"wp","href":"https:\/\/api.w.org\/{rel}","templated":true}]}}