{"id":48322,"date":"2015-10-01T12:24:56","date_gmt":"2015-10-01T09:24:56","guid":{"rendered":"http:\/\/www.sana.sy\/tr\/?p=48322"},"modified":"2015-10-01T12:24:56","modified_gmt":"2015-10-01T09:24:56","slug":"suriye-konusunda-rusya-ile-iletisimi-derinlestirme-azmindeyiz","status":"publish","type":"post","link":"https:\/\/archive.sana.sy\/tr\/?p=48322","title":{"rendered":"Suriye Konusunda Rusya ile \u0130leti\u015fimi Derinle\u015ftirme Azmindeyiz"},"content":{"rendered":"<p>TOKYO \u2013 Japonya Kabine \u0130\u015fleri Bakan\u0131 Yoshihide Suga; Japon h\u00fck\u00fcmetinin Rusya ile Suriye&#8217;deki krize siyasi \u00e7\u00f6z\u00fcm meselesine ili\u015fkin diyalogunu muhtelif d\u00fczeylerde derinle\u015ftirme azminde oldu\u011funu ilan etti.<\/p>\n<p>Rus Tass Haber Ajans\u0131n\u0131n aktard\u0131\u011f\u0131 a\u00e7\u0131klamalar\u0131nda Yoshihide \u00fclkesinin Suriye&#8217;deki durumlar ve krize \u00e7\u00f6z\u00fcm konusunda g\u00f6r\u00fc\u015f al\u0131\u015fveri\u015fini Rusya ile ayr\u0131nt\u0131lara kadar derinle\u015ftirme azminde oldu\u011funu belirtti. Yoshihide Japonya\u2019n\u0131n ayn\u0131 zamanda bu konuda uluslar aras\u0131 toplum ve ABD ile de i\u015fbirli\u011fini s\u00fcrd\u00fcrmek istedi\u011fini s\u00f6zlerine ekledi.<\/p>\n<p>Rusya hava g\u00fc\u00e7lerinin Suriye&#8217;nin bir\u00e7ok b\u00f6lgesinde I\u015e\u0130D mevkilerini hedef almalar\u0131 konusunda Japonya\u2019n\u0131n tutumuna ili\u015fkin soruyu cevaplamay\u0131 reddeden Yoshihide; bu konuda bilgi sahibi olmamas\u0131yla yorum yapmak istemedi\u011fini ifade etti.<\/p>\n","protected":false},"excerpt":{"rendered":"<p>TOKYO \u2013 Japonya Kabine \u0130\u015fleri Bakan\u0131 Yoshihide Suga; Japon h\u00fck\u00fcmetinin Rusya ile Suriye&#8217;deki krize siyasi \u00e7\u00f6z\u00fcm meselesine ili\u015fkin diyalogunu muhtelif d\u00fczeylerde derinle\u015ftirme azminde oldu\u011funu ilan etti. Rus Tass Haber Ajans\u0131n\u0131n aktard\u0131\u011f\u0131 a\u00e7\u0131klamalar\u0131nda Yoshihide \u00fclkesinin Suriye&#8217;deki durumlar ve krize \u00e7\u00f6z\u00fcm konusunda g\u00f6r\u00fc\u015f al\u0131\u015fveri\u015fini Rusya ile ayr\u0131nt\u0131lara kadar derinle\u015ftirme azminde oldu\u011funu belirtti. Yoshihide Japonya\u2019n\u0131n ayn\u0131 zamanda bu &hellip;<\/p>\n","protected":false},"author":1,"featured_media":48323,"comment_status":"closed","ping_status":"closed","sticky":false,"template":"","format":"standard","meta":{"footnotes":""},"categories":[458,459,447],"tags":[17020,17019,17021],"class_list":["post-48322","post","type-post","status-publish","format-standard","has-post-thumbnail","","category-dunya1","category-haberler-arap-uluslararasi-politika","category-politika","tag-japonya-kabine-isleri-bakani-yoshihide-suga","tag-suriye-konusunda-rusya-ile-iletisimi-derinlestirme-azmindeyiz","tag-tokyo"],"_links":{"self":[{"href":"https:\/\/archive.sana.sy\/tr\/index.php?rest_route=\/wp\/v2\/posts\/48322","targetHints":{"allow":["GET"]}}],"collection":[{"href":"https:\/\/archive.sana.sy\/tr\/index.php?rest_route=\/wp\/v2\/posts"}],"about":[{"href":"https:\/\/archive.sana.sy\/tr\/index.php?rest_route=\/wp\/v2\/types\/post"}],"author":[{"embeddable":true,"href":"https:\/\/archive.sana.sy\/tr\/index.php?rest_route=\/wp\/v2\/users\/1"}],"replies":[{"embeddable":true,"href":"https:\/\/archive.sana.sy\/tr\/index.php?rest_route=%2Fwp%2Fv2%2Fcomments&post=48322"}],"version-history":[{"count":0,"href":"https:\/\/archive.sana.sy\/tr\/index.php?rest_route=\/wp\/v2\/posts\/48322\/revisions"}],"wp:featuredmedia":[{"embeddable":true,"href":"https:\/\/archive.sana.sy\/tr\/index.php?rest_route=\/wp\/v2\/media\/48323"}],"wp:attachment":[{"href":"https:\/\/archive.sana.sy\/tr\/index.php?rest_route=%2Fwp%2Fv2%2Fmedia&parent=48322"}],"wp:term":[{"taxonomy":"category","embeddable":true,"href":"https:\/\/archive.sana.sy\/tr\/index.php?rest_route=%2Fwp%2Fv2%2Fcategories&post=48322"},{"taxonomy":"post_tag","embeddable":true,"href":"https:\/\/archive.sana.sy\/tr\/index.php?rest_route=%2Fwp%2Fv2%2Ftags&post=48322"}],"curies":[{"name":"wp","href":"https:\/\/api.w.org\/{rel}","templated":true}]}}