{"id":48333,"date":"2015-10-01T11:14:05","date_gmt":"2015-10-01T08:14:05","guid":{"rendered":"http:\/\/www.sana.sy\/tr\/?p=48333"},"modified":"2015-10-01T13:46:14","modified_gmt":"2015-10-01T10:46:14","slug":"rusya-baskanlik-sarayi-kremlinin-resmi-sozcusu-dmitry-peskov-rusya-hava-guclerinin-suriyedeki-hedeflerini-vurmada-suriye-ordusu-ile-tam-bir-koordinasyon-icinde-oldugunu-belirtti","status":"publish","type":"post","link":"https:\/\/archive.sana.sy\/tr\/?p=48333","title":{"rendered":"Rusya Ba\u015fkanl\u0131k Saray\u0131 Kremlin\u2019in resmi s\u00f6zc\u00fcs\u00fc Dmitry Peskov; Rusya hava g\u00fc\u00e7lerinin Suriye&#8217;deki hedeflerini vurmada Suriye ordusu ile tam bir koordinasyon i\u00e7inde oldu\u011funu belirtti."},"content":{"rendered":"<p>Rusya Ba\u015fkanl\u0131k Saray\u0131 Kremlin\u2019in resmi s\u00f6zc\u00fcs\u00fc Dmitry Peskov; Rusya hava g\u00fc\u00e7lerinin Suriye&#8217;deki hedeflerini vurmada Suriye ordusu ile tam bir koordinasyon i\u00e7inde oldu\u011funu belirtti.<\/p>\n","protected":false},"excerpt":{"rendered":"<p>Rusya Ba\u015fkanl\u0131k Saray\u0131 Kremlin\u2019in resmi s\u00f6zc\u00fcs\u00fc Dmitry Peskov; Rusya hava g\u00fc\u00e7lerinin Suriye&#8217;deki hedeflerini vurmada Suriye ordusu ile tam bir koordinasyon i\u00e7inde oldu\u011funu belirtti.<\/p>\n","protected":false},"author":1,"featured_media":0,"comment_status":"closed","ping_status":"closed","sticky":false,"template":"","format":"standard","meta":{"footnotes":""},"categories":[1],"tags":[],"class_list":["post-48333","post","type-post","status-publish","format-standard","","category-news-not-sorted"],"_links":{"self":[{"href":"https:\/\/archive.sana.sy\/tr\/index.php?rest_route=\/wp\/v2\/posts\/48333","targetHints":{"allow":["GET"]}}],"collection":[{"href":"https:\/\/archive.sana.sy\/tr\/index.php?rest_route=\/wp\/v2\/posts"}],"about":[{"href":"https:\/\/archive.sana.sy\/tr\/index.php?rest_route=\/wp\/v2\/types\/post"}],"author":[{"embeddable":true,"href":"https:\/\/archive.sana.sy\/tr\/index.php?rest_route=\/wp\/v2\/users\/1"}],"replies":[{"embeddable":true,"href":"https:\/\/archive.sana.sy\/tr\/index.php?rest_route=%2Fwp%2Fv2%2Fcomments&post=48333"}],"version-history":[{"count":0,"href":"https:\/\/archive.sana.sy\/tr\/index.php?rest_route=\/wp\/v2\/posts\/48333\/revisions"}],"wp:attachment":[{"href":"https:\/\/archive.sana.sy\/tr\/index.php?rest_route=%2Fwp%2Fv2%2Fmedia&parent=48333"}],"wp:term":[{"taxonomy":"category","embeddable":true,"href":"https:\/\/archive.sana.sy\/tr\/index.php?rest_route=%2Fwp%2Fv2%2Fcategories&post=48333"},{"taxonomy":"post_tag","embeddable":true,"href":"https:\/\/archive.sana.sy\/tr\/index.php?rest_route=%2Fwp%2Fv2%2Ftags&post=48333"}],"curies":[{"name":"wp","href":"https:\/\/api.w.org\/{rel}","templated":true}]}}