{"id":48348,"date":"2015-10-01T14:02:18","date_gmt":"2015-10-01T11:02:18","guid":{"rendered":"http:\/\/www.sana.sy\/tr\/?p=48348"},"modified":"2015-10-01T14:02:18","modified_gmt":"2015-10-01T11:02:18","slug":"sanaya-aciklamasinda-askeri-kaynak-ordu-birliklerimizin-homs-kirsalinin-dogusu-zekara-vadisinin-guneydogu-yonunde-isid-cetelerine-ait-bir-zirhli-arac-ve-iki-topu-terorist-ekipleriyle-birlikte","status":"publish","type":"post","link":"https:\/\/archive.sana.sy\/tr\/?p=48348","title":{"rendered":"SANA\u2019ya a\u00e7\u0131klamas\u0131nda askeri kaynak ordu birliklerimizin Homs k\u0131rsal\u0131n\u0131n do\u011fusu Zekara Vadisinin g\u00fcneydo\u011fu y\u00f6n\u00fcnde I\u015e\u0130D \u00e7etelerine ait bir z\u0131rhl\u0131 ara\u00e7 ve iki topu ter\u00f6rist ekipleriyle birlikte imha ettiklerini belirtti."},"content":{"rendered":"<p>SANA\u2019ya a\u00e7\u0131klamas\u0131nda askeri kaynak ordu birliklerimizin Homs k\u0131rsal\u0131n\u0131n do\u011fusu Zekara Vadisinin g\u00fcneydo\u011fu y\u00f6n\u00fcnde I\u015e\u0130D \u00e7etelerine ait bir z\u0131rhl\u0131 ara\u00e7 ve iki topu ter\u00f6rist ekipleriyle birlikte imha ettiklerini belirtti.<\/p>\n","protected":false},"excerpt":{"rendered":"<p>SANA\u2019ya a\u00e7\u0131klamas\u0131nda askeri kaynak ordu birliklerimizin Homs k\u0131rsal\u0131n\u0131n do\u011fusu Zekara Vadisinin g\u00fcneydo\u011fu y\u00f6n\u00fcnde I\u015e\u0130D \u00e7etelerine ait bir z\u0131rhl\u0131 ara\u00e7 ve iki topu ter\u00f6rist ekipleriyle birlikte imha ettiklerini belirtti.<\/p>\n","protected":false},"author":1,"featured_media":0,"comment_status":"closed","ping_status":"closed","sticky":false,"template":"","format":"standard","meta":{"footnotes":""},"categories":[1],"tags":[],"class_list":["post-48348","post","type-post","status-publish","format-standard","","category-news-not-sorted"],"_links":{"self":[{"href":"https:\/\/archive.sana.sy\/tr\/index.php?rest_route=\/wp\/v2\/posts\/48348","targetHints":{"allow":["GET"]}}],"collection":[{"href":"https:\/\/archive.sana.sy\/tr\/index.php?rest_route=\/wp\/v2\/posts"}],"about":[{"href":"https:\/\/archive.sana.sy\/tr\/index.php?rest_route=\/wp\/v2\/types\/post"}],"author":[{"embeddable":true,"href":"https:\/\/archive.sana.sy\/tr\/index.php?rest_route=\/wp\/v2\/users\/1"}],"replies":[{"embeddable":true,"href":"https:\/\/archive.sana.sy\/tr\/index.php?rest_route=%2Fwp%2Fv2%2Fcomments&post=48348"}],"version-history":[{"count":0,"href":"https:\/\/archive.sana.sy\/tr\/index.php?rest_route=\/wp\/v2\/posts\/48348\/revisions"}],"wp:attachment":[{"href":"https:\/\/archive.sana.sy\/tr\/index.php?rest_route=%2Fwp%2Fv2%2Fmedia&parent=48348"}],"wp:term":[{"taxonomy":"category","embeddable":true,"href":"https:\/\/archive.sana.sy\/tr\/index.php?rest_route=%2Fwp%2Fv2%2Fcategories&post=48348"},{"taxonomy":"post_tag","embeddable":true,"href":"https:\/\/archive.sana.sy\/tr\/index.php?rest_route=%2Fwp%2Fv2%2Ftags&post=48348"}],"curies":[{"name":"wp","href":"https:\/\/api.w.org\/{rel}","templated":true}]}}