{"id":48357,"date":"2015-10-01T12:16:10","date_gmt":"2015-10-01T09:16:10","guid":{"rendered":"http:\/\/www.sana.sy\/tr\/?p=48357"},"modified":"2015-10-01T14:16:30","modified_gmt":"2015-10-01T11:16:30","slug":"sam-ve-kirsalina-ilaveten-homs-dera-ve-idlib-illerinin-muhtelif-bolgelerinde-kanun-kacagi-70-kisi-bugun-silahlariyla-birlikte-guvenlik-birimlerine-teslim-oldu","status":"publish","type":"post","link":"https:\/\/archive.sana.sy\/tr\/?p=48357","title":{"rendered":"\u015eam ve k\u0131rsal\u0131na ilaveten Homs, Dera ve \u0130dlib illerinin muhtelif b\u00f6lgelerinde kanun ka\u00e7a\u011f\u0131 70 ki\u015fi bug\u00fcn silahlar\u0131yla birlikte g\u00fcvenlik birimlerine teslim oldu."},"content":{"rendered":"<p>\u015eam ve k\u0131rsal\u0131na ilaveten Homs, Dera ve \u0130dlib illerinin muhtelif b\u00f6lgelerinde kanun ka\u00e7a\u011f\u0131 70 ki\u015fi bug\u00fcn silahlar\u0131yla birlikte g\u00fcvenlik birimlerine teslim oldu.<\/p>\n","protected":false},"excerpt":{"rendered":"<p>\u015eam ve k\u0131rsal\u0131na ilaveten Homs, Dera ve \u0130dlib illerinin muhtelif b\u00f6lgelerinde kanun ka\u00e7a\u011f\u0131 70 ki\u015fi bug\u00fcn silahlar\u0131yla birlikte g\u00fcvenlik birimlerine teslim oldu.<\/p>\n","protected":false},"author":1,"featured_media":0,"comment_status":"closed","ping_status":"closed","sticky":false,"template":"","format":"standard","meta":{"footnotes":""},"categories":[1],"tags":[],"class_list":["post-48357","post","type-post","status-publish","format-standard","","category-news-not-sorted"],"_links":{"self":[{"href":"https:\/\/archive.sana.sy\/tr\/index.php?rest_route=\/wp\/v2\/posts\/48357","targetHints":{"allow":["GET"]}}],"collection":[{"href":"https:\/\/archive.sana.sy\/tr\/index.php?rest_route=\/wp\/v2\/posts"}],"about":[{"href":"https:\/\/archive.sana.sy\/tr\/index.php?rest_route=\/wp\/v2\/types\/post"}],"author":[{"embeddable":true,"href":"https:\/\/archive.sana.sy\/tr\/index.php?rest_route=\/wp\/v2\/users\/1"}],"replies":[{"embeddable":true,"href":"https:\/\/archive.sana.sy\/tr\/index.php?rest_route=%2Fwp%2Fv2%2Fcomments&post=48357"}],"version-history":[{"count":0,"href":"https:\/\/archive.sana.sy\/tr\/index.php?rest_route=\/wp\/v2\/posts\/48357\/revisions"}],"wp:attachment":[{"href":"https:\/\/archive.sana.sy\/tr\/index.php?rest_route=%2Fwp%2Fv2%2Fmedia&parent=48357"}],"wp:term":[{"taxonomy":"category","embeddable":true,"href":"https:\/\/archive.sana.sy\/tr\/index.php?rest_route=%2Fwp%2Fv2%2Fcategories&post=48357"},{"taxonomy":"post_tag","embeddable":true,"href":"https:\/\/archive.sana.sy\/tr\/index.php?rest_route=%2Fwp%2Fv2%2Ftags&post=48357"}],"curies":[{"name":"wp","href":"https:\/\/api.w.org\/{rel}","templated":true}]}}