{"id":48360,"date":"2015-10-01T11:17:04","date_gmt":"2015-10-01T08:17:04","guid":{"rendered":"http:\/\/www.sana.sy\/tr\/?p=48360"},"modified":"2015-10-01T14:44:25","modified_gmt":"2015-10-01T11:44:25","slug":"48360","status":"publish","type":"post","link":"https:\/\/archive.sana.sy\/tr\/?p=48360","title":{"rendered":""},"content":{"rendered":"<p>MOSKOVA \u2013 Rusya Federasyonu Federal Meclisinde Uluslararas\u0131 \u0130li\u015fkiler Komitesi Ba\u015fkan\u0131 Konstantin Kosachev \u00f6zellikle Bat\u0131l\u0131 olmak \u00fczere bir k\u0131s\u0131m medya ara\u00e7lar\u0131n\u0131n Rus hava g\u00fc\u00e7lerinin Suriye&#8217;deki operasyonlar\u0131na ili\u015fkin ger\u00e7ekle ilgisi olmayan yanl\u0131\u015f haberler yay\u0131nlad\u0131klar\u0131n\u0131 belirtti.<\/p>\n<p>Bug\u00fcn bas\u0131na a\u00e7\u0131klama yapan Kosachev bu medya ara\u00e7lar\u0131n\u0131n operasyonlara kar\u015f\u0131 dezenformasyon hamlesi ba\u015flat\u0131p ger\u00e7ekleri \u00e7arp\u0131tt\u0131klar\u0131na dikkat \u00e7ekerken; Rus u\u00e7aklar\u0131n \u2018Suriyeli muhalifleri\u2019 vurdu\u011funa ili\u015fkin haberlerinin tamamen as\u0131ls\u0131z oldu\u011funu belirtti.<\/p>\n<p>Kosachev bu ger\u00e7ekleri \u00e7arp\u0131tma hamlesinden amac\u0131n; Rusya&#8217;n\u0131n Suriye&#8217;de ter\u00f6re kar\u015f\u0131 m\u00fccadelesine \u00e7amur atmak ve g\u00f6lge d\u00fc\u015f\u00fcrmek oldu\u011funun alt\u0131n\u0131 \u00e7izdi.<\/p>\n","protected":false},"excerpt":{"rendered":"<p>MOSKOVA \u2013 Rusya Federasyonu Federal Meclisinde Uluslararas\u0131 \u0130li\u015fkiler Komitesi Ba\u015fkan\u0131 Konstantin Kosachev \u00f6zellikle Bat\u0131l\u0131 olmak \u00fczere bir k\u0131s\u0131m medya ara\u00e7lar\u0131n\u0131n Rus hava g\u00fc\u00e7lerinin Suriye&#8217;deki operasyonlar\u0131na ili\u015fkin ger\u00e7ekle ilgisi olmayan yanl\u0131\u015f haberler yay\u0131nlad\u0131klar\u0131n\u0131 belirtti. Bug\u00fcn bas\u0131na a\u00e7\u0131klama yapan Kosachev bu medya ara\u00e7lar\u0131n\u0131n operasyonlara kar\u015f\u0131 dezenformasyon hamlesi ba\u015flat\u0131p ger\u00e7ekleri \u00e7arp\u0131tt\u0131klar\u0131na dikkat \u00e7ekerken; Rus u\u00e7aklar\u0131n \u2018Suriyeli muhalifleri\u2019 vurdu\u011funa &hellip;<\/p>\n","protected":false},"author":1,"featured_media":48364,"comment_status":"closed","ping_status":"closed","sticky":false,"template":"","format":"standard","meta":{"footnotes":""},"categories":[458,459,447],"tags":[17034,17035,17036,17032],"class_list":["post-48360","post","type-post","status-publish","format-standard","has-post-thumbnail","","category-dunya1","category-haberler-arap-uluslararasi-politika","category-politika","tag-hava-operasyonlarina-dair-yanlis-bilgiler-var","tag-konstantin-kosachev","tag-moskova","tag-rus-hava-operasyonlari"],"_links":{"self":[{"href":"https:\/\/archive.sana.sy\/tr\/index.php?rest_route=\/wp\/v2\/posts\/48360","targetHints":{"allow":["GET"]}}],"collection":[{"href":"https:\/\/archive.sana.sy\/tr\/index.php?rest_route=\/wp\/v2\/posts"}],"about":[{"href":"https:\/\/archive.sana.sy\/tr\/index.php?rest_route=\/wp\/v2\/types\/post"}],"author":[{"embeddable":true,"href":"https:\/\/archive.sana.sy\/tr\/index.php?rest_route=\/wp\/v2\/users\/1"}],"replies":[{"embeddable":true,"href":"https:\/\/archive.sana.sy\/tr\/index.php?rest_route=%2Fwp%2Fv2%2Fcomments&post=48360"}],"version-history":[{"count":0,"href":"https:\/\/archive.sana.sy\/tr\/index.php?rest_route=\/wp\/v2\/posts\/48360\/revisions"}],"wp:featuredmedia":[{"embeddable":true,"href":"https:\/\/archive.sana.sy\/tr\/index.php?rest_route=\/wp\/v2\/media\/48364"}],"wp:attachment":[{"href":"https:\/\/archive.sana.sy\/tr\/index.php?rest_route=%2Fwp%2Fv2%2Fmedia&parent=48360"}],"wp:term":[{"taxonomy":"category","embeddable":true,"href":"https:\/\/archive.sana.sy\/tr\/index.php?rest_route=%2Fwp%2Fv2%2Fcategories&post=48360"},{"taxonomy":"post_tag","embeddable":true,"href":"https:\/\/archive.sana.sy\/tr\/index.php?rest_route=%2Fwp%2Fv2%2Ftags&post=48360"}],"curies":[{"name":"wp","href":"https:\/\/api.w.org\/{rel}","templated":true}]}}