{"id":48366,"date":"2015-10-01T13:51:36","date_gmt":"2015-10-01T10:51:36","guid":{"rendered":"http:\/\/www.sana.sy\/tr\/?p=48366"},"modified":"2015-10-01T17:46:58","modified_gmt":"2015-10-01T14:46:58","slug":"7-kisiden-olusan-sebeke-cokertildi","status":"publish","type":"post","link":"https:\/\/archive.sana.sy\/tr\/?p=48366","title":{"rendered":"7 Ki\u015fiden Olu\u015fan \u015eebeke \u00c7\u00f6kertildi"},"content":{"rendered":"<p>\u015eAM \u2013 \u0130\u015f\u00e7ileri Bakanl\u0131\u011f\u0131nda yetkili bir kaynak bug\u00fcn uyu\u015fturucuyla m\u00fccadele \u015fubesinin \u015eam ve k\u0131rsal\u0131nda uyu\u015fturucu ticareti ve kuryeli\u011fi yapan 7 ki\u015filik bir \u015febekeyi \u00e7\u00f6kerttiklerini belirtti.<\/p>\n<p>Kaynak tutuklanan \u015fah\u0131slar\u0131n havzalar\u0131nda 3 kg esrar\u0131n yan\u0131 s\u0131ra bik miktar cabtagon ve eroin ele ge\u00e7irildi\u011fini aktard\u0131.<\/p>\n<p>Bu arada Suriye&#8217;de d\u0131\u015f g\u00fc\u00e7lerin \u2018\u0131l\u0131ml\u0131 muhalifler\u2019 veya \u2018cihat\u00e7\u0131lar\u2019 ad\u0131 alt\u0131nda destekledi\u011fi ter\u00f6r \u00e7eteleri saflar\u0131nda ciddi miktarda uyu\u015fturucu kullan\u0131m\u0131 bulunmaktad\u0131r.<\/p>\n","protected":false},"excerpt":{"rendered":"<p>\u015eAM \u2013 \u0130\u015f\u00e7ileri Bakanl\u0131\u011f\u0131nda yetkili bir kaynak bug\u00fcn uyu\u015fturucuyla m\u00fccadele \u015fubesinin \u015eam ve k\u0131rsal\u0131nda uyu\u015fturucu ticareti ve kuryeli\u011fi yapan 7 ki\u015filik bir \u015febekeyi \u00e7\u00f6kerttiklerini belirtti. Kaynak tutuklanan \u015fah\u0131slar\u0131n havzalar\u0131nda 3 kg esrar\u0131n yan\u0131 s\u0131ra bik miktar cabtagon ve eroin ele ge\u00e7irildi\u011fini aktard\u0131. Bu arada Suriye&#8217;de d\u0131\u015f g\u00fc\u00e7lerin \u2018\u0131l\u0131ml\u0131 muhalifler\u2019 veya \u2018cihat\u00e7\u0131lar\u2019 ad\u0131 alt\u0131nda destekledi\u011fi ter\u00f6r &hellip;<\/p>\n","protected":false},"author":1,"featured_media":47808,"comment_status":"closed","ping_status":"closed","sticky":false,"template":"","format":"standard","meta":{"footnotes":""},"categories":[485,486,479,478],"tags":[17037,17038,17039],"class_list":["post-48366","post","type-post","status-publish","format-standard","has-post-thumbnail","","category-is-ve-sermaye","category-haberler-is-ve-sermaye","category-haberler-yerel","category-yerel","tag-7-kisiden-olusan-sebeke-cokertildi","tag-iscileri-bakanligi","tag-uyusturucuyla-mucadele"],"_links":{"self":[{"href":"https:\/\/archive.sana.sy\/tr\/index.php?rest_route=\/wp\/v2\/posts\/48366","targetHints":{"allow":["GET"]}}],"collection":[{"href":"https:\/\/archive.sana.sy\/tr\/index.php?rest_route=\/wp\/v2\/posts"}],"about":[{"href":"https:\/\/archive.sana.sy\/tr\/index.php?rest_route=\/wp\/v2\/types\/post"}],"author":[{"embeddable":true,"href":"https:\/\/archive.sana.sy\/tr\/index.php?rest_route=\/wp\/v2\/users\/1"}],"replies":[{"embeddable":true,"href":"https:\/\/archive.sana.sy\/tr\/index.php?rest_route=%2Fwp%2Fv2%2Fcomments&post=48366"}],"version-history":[{"count":0,"href":"https:\/\/archive.sana.sy\/tr\/index.php?rest_route=\/wp\/v2\/posts\/48366\/revisions"}],"wp:featuredmedia":[{"embeddable":true,"href":"https:\/\/archive.sana.sy\/tr\/index.php?rest_route=\/wp\/v2\/media\/47808"}],"wp:attachment":[{"href":"https:\/\/archive.sana.sy\/tr\/index.php?rest_route=%2Fwp%2Fv2%2Fmedia&parent=48366"}],"wp:term":[{"taxonomy":"category","embeddable":true,"href":"https:\/\/archive.sana.sy\/tr\/index.php?rest_route=%2Fwp%2Fv2%2Fcategories&post=48366"},{"taxonomy":"post_tag","embeddable":true,"href":"https:\/\/archive.sana.sy\/tr\/index.php?rest_route=%2Fwp%2Fv2%2Ftags&post=48366"}],"curies":[{"name":"wp","href":"https:\/\/api.w.org\/{rel}","templated":true}]}}