{"id":48414,"date":"2015-10-01T17:45:16","date_gmt":"2015-10-01T14:45:16","guid":{"rendered":"http:\/\/www.sana.sy\/tr\/?p=48414"},"modified":"2015-10-01T18:03:45","modified_gmt":"2015-10-01T15:03:45","slug":"ordu-birliklerimiz-halk-savunma-gucleriyle-isbirligi-icinde-lazkiye-kirsalinin-kuzeyi-rabia-nahiyesine-tabi-mriyc-ve-maroniyat-koylerinde-teroristlerin-mevki-ve-karargahlarina-karsi-basarili-operasyon","status":"publish","type":"post","link":"https:\/\/archive.sana.sy\/tr\/?p=48414","title":{"rendered":"Ordu birliklerimiz halk savunma g\u00fc\u00e7leriyle i\u015fbirli\u011fi i\u00e7inde Lazkiye k\u0131rsal\u0131n\u0131n kuzeyi Rabia Nahiyesine tabi Mriyc ve Maroniyat k\u00f6ylerinde ter\u00f6ristlerin mevki ve karargahlar\u0131na kar\u015f\u0131 ba\u015far\u0131l\u0131 operasyonlarda 18 ter\u00f6risti \u00f6ld\u00fcrd\u00fc"},"content":{"rendered":"<p>Ordu birliklerimiz halk savunma g\u00fc\u00e7leriyle i\u015fbirli\u011fi i\u00e7inde Lazkiye k\u0131rsal\u0131n\u0131n kuzeyi Rabia Nahiyesine tabi Mriyc ve Maroniyat k\u00f6ylerinde ter\u00f6ristlerin mevki ve karargahlar\u0131na kar\u015f\u0131 ba\u015far\u0131l\u0131 operasyonlarda 18 ter\u00f6risti \u00f6ld\u00fcrd\u00fc<\/p>\n","protected":false},"excerpt":{"rendered":"<p>Ordu birliklerimiz halk savunma g\u00fc\u00e7leriyle i\u015fbirli\u011fi i\u00e7inde Lazkiye k\u0131rsal\u0131n\u0131n kuzeyi Rabia Nahiyesine tabi Mriyc ve Maroniyat k\u00f6ylerinde ter\u00f6ristlerin mevki ve karargahlar\u0131na kar\u015f\u0131 ba\u015far\u0131l\u0131 operasyonlarda 18 ter\u00f6risti \u00f6ld\u00fcrd\u00fc<\/p>\n","protected":false},"author":1,"featured_media":0,"comment_status":"closed","ping_status":"closed","sticky":false,"template":"","format":"standard","meta":{"footnotes":""},"categories":[1],"tags":[],"class_list":["post-48414","post","type-post","status-publish","format-standard","","category-news-not-sorted"],"_links":{"self":[{"href":"https:\/\/archive.sana.sy\/tr\/index.php?rest_route=\/wp\/v2\/posts\/48414","targetHints":{"allow":["GET"]}}],"collection":[{"href":"https:\/\/archive.sana.sy\/tr\/index.php?rest_route=\/wp\/v2\/posts"}],"about":[{"href":"https:\/\/archive.sana.sy\/tr\/index.php?rest_route=\/wp\/v2\/types\/post"}],"author":[{"embeddable":true,"href":"https:\/\/archive.sana.sy\/tr\/index.php?rest_route=\/wp\/v2\/users\/1"}],"replies":[{"embeddable":true,"href":"https:\/\/archive.sana.sy\/tr\/index.php?rest_route=%2Fwp%2Fv2%2Fcomments&post=48414"}],"version-history":[{"count":0,"href":"https:\/\/archive.sana.sy\/tr\/index.php?rest_route=\/wp\/v2\/posts\/48414\/revisions"}],"wp:attachment":[{"href":"https:\/\/archive.sana.sy\/tr\/index.php?rest_route=%2Fwp%2Fv2%2Fmedia&parent=48414"}],"wp:term":[{"taxonomy":"category","embeddable":true,"href":"https:\/\/archive.sana.sy\/tr\/index.php?rest_route=%2Fwp%2Fv2%2Fcategories&post=48414"},{"taxonomy":"post_tag","embeddable":true,"href":"https:\/\/archive.sana.sy\/tr\/index.php?rest_route=%2Fwp%2Fv2%2Ftags&post=48414"}],"curies":[{"name":"wp","href":"https:\/\/api.w.org\/{rel}","templated":true}]}}