{"id":4844,"date":"2014-07-08T13:17:21","date_gmt":"2014-07-08T10:17:21","guid":{"rendered":"http:\/\/www.sana.sy\/tr\/?p=4844"},"modified":"2014-07-08T13:40:55","modified_gmt":"2014-07-08T10:40:55","slug":"amerika-baskani-suriyede-teroristleri-desteklemeyi-surdurecegini-yineledi","status":"publish","type":"post","link":"https:\/\/archive.sana.sy\/tr\/?p=4844","title":{"rendered":"Amerika Ba\u015fkan\u0131 Suriye&#8217;de Ter\u00f6ristleri Desteklemeyi S\u00fcrd\u00fcrece\u011fini Yineledi"},"content":{"rendered":"<p>KUD\u00dcS \u2013 Amerika Ba\u015fkan\u0131 Barak Obama, b\u00f6lgede istikrars\u0131zl\u0131\u011fa ve insani bir krize sebebiyet veren Suriye\u2019deki krize siyasi \u00e7\u00f6z\u00fcme varmak i\u00e7in \u00e7al\u0131\u015fmada bulunaca\u011f\u0131n\u0131 iddia etti\u011fi bir zamanda, \u201c\u0131l\u0131ml\u0131 muhalefeti\u201d destekleme \u015femsiyesi alt\u0131nda bat\u0131l\u0131 \u00fclkelerle b\u00f6lgedeki ortaklar\u0131n\u0131n i\u015fbirli\u011fiyle y\u00f6netiminin Suriye\u2019deki ter\u00f6ristleri desteklemeyi s\u00fcrd\u00fcrece\u011fini bir kez daha yineledi.<\/p>\n<p>Obama \u0130srailli Haarts gazetesine verdi\u011fi r\u00f6portajda, Avrupa ve b\u00f6lgedeki ortaklar\u0131yla birlikte Suriye\u2019deki \u0131l\u0131ml\u0131 muhalefeti desteklemeyi s\u00fcrd\u00fcreceklerini s\u00f6yledi.<\/p>\n<p>Hat\u0131rlanaca\u011f\u0131 \u00fczere Amerikan y\u00f6netimi son olarak s\u00f6zde mutedil gruplara 500 milyon dolarl\u0131k bir yard\u0131m sundu\u011funu ilan etmi\u015fti.<\/p>\n","protected":false},"excerpt":{"rendered":"<p>KUD\u00dcS \u2013 Amerika Ba\u015fkan\u0131 Barak Obama, b\u00f6lgede istikrars\u0131zl\u0131\u011fa ve insani bir krize sebebiyet veren Suriye\u2019deki krize siyasi \u00e7\u00f6z\u00fcme varmak i\u00e7in \u00e7al\u0131\u015fmada bulunaca\u011f\u0131n\u0131 iddia etti\u011fi bir zamanda, \u201c\u0131l\u0131ml\u0131 muhalefeti\u201d destekleme \u015femsiyesi alt\u0131nda bat\u0131l\u0131 \u00fclkelerle b\u00f6lgedeki ortaklar\u0131n\u0131n i\u015fbirli\u011fiyle y\u00f6netiminin Suriye\u2019deki ter\u00f6ristleri desteklemeyi s\u00fcrd\u00fcrece\u011fini bir kez daha yineledi. Obama \u0130srailli Haarts gazetesine verdi\u011fi r\u00f6portajda, Avrupa ve b\u00f6lgedeki ortaklar\u0131yla &hellip;<\/p>\n","protected":false},"author":1,"featured_media":4845,"comment_status":"closed","ping_status":"closed","sticky":false,"template":"","format":"standard","meta":{"footnotes":""},"categories":[458,459,447],"tags":[1054],"class_list":["post-4844","post","type-post","status-publish","format-standard","has-post-thumbnail","","category-dunya1","category-haberler-arap-uluslararasi-politika","category-politika","tag-amerika-baskani-suriyede-teroristleri-desteklemeyi-surdurecegini-yineledi"],"_links":{"self":[{"href":"https:\/\/archive.sana.sy\/tr\/index.php?rest_route=\/wp\/v2\/posts\/4844","targetHints":{"allow":["GET"]}}],"collection":[{"href":"https:\/\/archive.sana.sy\/tr\/index.php?rest_route=\/wp\/v2\/posts"}],"about":[{"href":"https:\/\/archive.sana.sy\/tr\/index.php?rest_route=\/wp\/v2\/types\/post"}],"author":[{"embeddable":true,"href":"https:\/\/archive.sana.sy\/tr\/index.php?rest_route=\/wp\/v2\/users\/1"}],"replies":[{"embeddable":true,"href":"https:\/\/archive.sana.sy\/tr\/index.php?rest_route=%2Fwp%2Fv2%2Fcomments&post=4844"}],"version-history":[{"count":0,"href":"https:\/\/archive.sana.sy\/tr\/index.php?rest_route=\/wp\/v2\/posts\/4844\/revisions"}],"wp:featuredmedia":[{"embeddable":true,"href":"https:\/\/archive.sana.sy\/tr\/index.php?rest_route=\/wp\/v2\/media\/4845"}],"wp:attachment":[{"href":"https:\/\/archive.sana.sy\/tr\/index.php?rest_route=%2Fwp%2Fv2%2Fmedia&parent=4844"}],"wp:term":[{"taxonomy":"category","embeddable":true,"href":"https:\/\/archive.sana.sy\/tr\/index.php?rest_route=%2Fwp%2Fv2%2Fcategories&post=4844"},{"taxonomy":"post_tag","embeddable":true,"href":"https:\/\/archive.sana.sy\/tr\/index.php?rest_route=%2Fwp%2Fv2%2Ftags&post=4844"}],"curies":[{"name":"wp","href":"https:\/\/api.w.org\/{rel}","templated":true}]}}