{"id":48460,"date":"2015-10-02T18:23:09","date_gmt":"2015-10-02T15:23:09","guid":{"rendered":"http:\/\/www.sana.sy\/tr\/?p=48460"},"modified":"2015-10-02T18:23:09","modified_gmt":"2015-10-02T15:23:09","slug":"sana-muhabiri-lazkiye-kirsalinin-kuzeyi-rabia-nahiyesine-tabi-cub-tovrus-bolgesinde-ordu-birliklerimizin-teroristlere-ait-bir-teror-egitim-kampini-ve-birkac-araci-da-imha-ettiklerini-ifade-etti","status":"publish","type":"post","link":"https:\/\/archive.sana.sy\/tr\/?p=48460","title":{"rendered":"SANA muhabiri; Lazkiye k\u0131rsal\u0131n\u0131n kuzeyi Rabia Nahiyesine tabi Cub Tovrus B\u00f6lgesinde ordu birliklerimizin ter\u00f6ristlere ait bir ter\u00f6r e\u011fitim kamp\u0131n\u0131 ve birka\u00e7 arac\u0131 da imha ettiklerini ifade etti.\u200f"},"content":{"rendered":"<p>SANA muhabiri; Lazkiye k\u0131rsal\u0131n\u0131n kuzeyi Rabia Nahiyesine tabi Cub Tovrus B\u00f6lgesinde ordu birliklerimizin ter\u00f6ristlere ait bir ter\u00f6r e\u011fitim kamp\u0131n\u0131 ve birka\u00e7 arac\u0131 da imha ettiklerini ifade etti.\u200f<\/p>\n","protected":false},"excerpt":{"rendered":"<p>SANA muhabiri; Lazkiye k\u0131rsal\u0131n\u0131n kuzeyi Rabia Nahiyesine tabi Cub Tovrus B\u00f6lgesinde ordu birliklerimizin ter\u00f6ristlere ait bir ter\u00f6r e\u011fitim kamp\u0131n\u0131 ve birka\u00e7 arac\u0131 da imha ettiklerini ifade etti.\u200f<\/p>\n","protected":false},"author":1,"featured_media":0,"comment_status":"closed","ping_status":"closed","sticky":false,"template":"","format":"standard","meta":{"footnotes":""},"categories":[1],"tags":[17069],"class_list":["post-48460","post","type-post","status-publish","format-standard","","category-news-not-sorted","tag-sana-muhabiri-lazkiye-kirsalinin-kuzeyi-rabia-nahiyesine-tabi-cub-tovrus-bolgesinde-ordu-birliklerimizin-teroristlere-ait-bir-teror-egitim-kampini-ve-birkac-araci-da-imha-ettiklerini-ifade-etti"],"_links":{"self":[{"href":"https:\/\/archive.sana.sy\/tr\/index.php?rest_route=\/wp\/v2\/posts\/48460","targetHints":{"allow":["GET"]}}],"collection":[{"href":"https:\/\/archive.sana.sy\/tr\/index.php?rest_route=\/wp\/v2\/posts"}],"about":[{"href":"https:\/\/archive.sana.sy\/tr\/index.php?rest_route=\/wp\/v2\/types\/post"}],"author":[{"embeddable":true,"href":"https:\/\/archive.sana.sy\/tr\/index.php?rest_route=\/wp\/v2\/users\/1"}],"replies":[{"embeddable":true,"href":"https:\/\/archive.sana.sy\/tr\/index.php?rest_route=%2Fwp%2Fv2%2Fcomments&post=48460"}],"version-history":[{"count":0,"href":"https:\/\/archive.sana.sy\/tr\/index.php?rest_route=\/wp\/v2\/posts\/48460\/revisions"}],"wp:attachment":[{"href":"https:\/\/archive.sana.sy\/tr\/index.php?rest_route=%2Fwp%2Fv2%2Fmedia&parent=48460"}],"wp:term":[{"taxonomy":"category","embeddable":true,"href":"https:\/\/archive.sana.sy\/tr\/index.php?rest_route=%2Fwp%2Fv2%2Fcategories&post=48460"},{"taxonomy":"post_tag","embeddable":true,"href":"https:\/\/archive.sana.sy\/tr\/index.php?rest_route=%2Fwp%2Fv2%2Ftags&post=48460"}],"curies":[{"name":"wp","href":"https:\/\/api.w.org\/{rel}","templated":true}]}}