{"id":48497,"date":"2015-10-03T13:48:39","date_gmt":"2015-10-03T10:48:39","guid":{"rendered":"http:\/\/www.sana.sy\/tr\/?p=48497"},"modified":"2015-10-03T13:48:39","modified_gmt":"2015-10-03T10:48:39","slug":"vatanlarini-terk-etmelerine-tesvik-yerine-terore-destegini-kesmelidir","status":"publish","type":"post","link":"https:\/\/archive.sana.sy\/tr\/?p=48497","title":{"rendered":"Vatanlar\u0131n\u0131 Terk Etmelerine Te\u015fvik Yerine Ter\u00f6re Deste\u011fini Kesmelidir"},"content":{"rendered":"<p>NEW YORK \u2013 Suriye Amerika Forumu; uluslar aras\u0131 toplumun \u2018m\u00fclteciler krizi\u2019 olarak adland\u0131rd\u0131\u011f\u0131 meseleyi \u00e7\u00f6zmede Suriyelileri vatanlar\u0131n\u0131 terk etmelerine te\u015fvik etmesi yerine bu m\u00fcltecilerin as\u0131l sorunu olan ter\u00f6re deste\u011fini kesmesi gerekti\u011fini vurgulad\u0131.<\/p>\n<p>Forumun resmi s\u00f6zc\u00fcs\u00fc Gayyas Musa Amerikal\u0131 medya ara\u00e7lar\u0131na a\u00e7\u0131klamalar\u0131nda; kimi taraflar\u0131n a\u00e7\u0131k ve net bir \u015fekilde Suriyelilerin insani durumlar\u0131yla ticaret yapt\u0131klar\u0131na dikkat \u00e7ekti. Bu taraflar\u0131n kas\u0131tl\u0131 bir \u015fekilde ger\u00e7ekleri \u00e7arp\u0131tt\u0131klar\u0131n\u0131 ve kamuoyunu aldatt\u0131klar\u0131n\u0131 belirten Musa; Suriyelilerin Suriye&#8217;yi terk etmelerinin temel nedenlerinin ayn\u0131 taraflar\u0131n destekledikleri ter\u00f6r ve uygulad\u0131klar\u0131 ekonomik yapt\u0131r\u0131mlar oldu\u011funu ifade etti.<\/p>\n<p>Musa bu taraflar\u0131n Suriye&#8217;ye askeri m\u00fcdahalede bulunmas\u0131 i\u00e7in ABD\u2019ye bask\u0131 uygulamaya \u00e7al\u0131\u015ft\u0131klar\u0131na i\u015faret ederek; Suriye&#8217;de \u00e7o\u011funlu\u011fun me\u015fru y\u00f6netimi destekledi\u011fini ve bu y\u00f6netimi se\u00e7imlerle se\u00e7ti\u011fini g\u00f6rmezden geldiklerini belirtti.<\/p>\n<p>Forum idaresi olarak ABD yetkililerine \u015fayet ger\u00e7ekten Suriye&#8217;deki insani ac\u0131lara son vermek istiyorlarsa her \u015feyden \u00f6nce kendileri ve m\u00fcttefiklerinin ter\u00f6re deste\u011fi kesmek i\u00e7in etkin ve ciddi y\u00f6ntemler bulmalar\u0131 gerekti\u011fini aktard\u0131klar\u0131n\u0131 belirten Musa; Suriyelilerin ac\u0131lar\u0131yla ticaretlerini artt\u0131rmak i\u00e7in m\u00fclteci say\u0131s\u0131n\u0131 da ciddi \u015fekilde abartt\u0131klar\u0131n\u0131 ifade etti.<\/p>\n","protected":false},"excerpt":{"rendered":"<p>NEW YORK \u2013 Suriye Amerika Forumu; uluslar aras\u0131 toplumun \u2018m\u00fclteciler krizi\u2019 olarak adland\u0131rd\u0131\u011f\u0131 meseleyi \u00e7\u00f6zmede Suriyelileri vatanlar\u0131n\u0131 terk etmelerine te\u015fvik etmesi yerine bu m\u00fcltecilerin as\u0131l sorunu olan ter\u00f6re deste\u011fini kesmesi gerekti\u011fini vurgulad\u0131. Forumun resmi s\u00f6zc\u00fcs\u00fc Gayyas Musa Amerikal\u0131 medya ara\u00e7lar\u0131na a\u00e7\u0131klamalar\u0131nda; kimi taraflar\u0131n a\u00e7\u0131k ve net bir \u015fekilde Suriyelilerin insani durumlar\u0131yla ticaret yapt\u0131klar\u0131na dikkat \u00e7ekti. &hellip;<\/p>\n","protected":false},"author":1,"featured_media":48498,"comment_status":"closed","ping_status":"closed","sticky":false,"template":"","format":"standard","meta":{"footnotes":""},"categories":[458,459,447,2554,2555],"tags":[17092,16717,17091],"class_list":["post-48497","post","type-post","status-publish","format-standard","has-post-thumbnail","","category-dunya1","category-haberler-arap-uluslararasi-politika","category-politika","category-suriye-ve-dunya","category-suriye-ve-turkiye","tag-forumun-resmi-sozcusu-gayyas-musa","tag-multeciler","tag-suriye-amerika-forumu"],"_links":{"self":[{"href":"https:\/\/archive.sana.sy\/tr\/index.php?rest_route=\/wp\/v2\/posts\/48497","targetHints":{"allow":["GET"]}}],"collection":[{"href":"https:\/\/archive.sana.sy\/tr\/index.php?rest_route=\/wp\/v2\/posts"}],"about":[{"href":"https:\/\/archive.sana.sy\/tr\/index.php?rest_route=\/wp\/v2\/types\/post"}],"author":[{"embeddable":true,"href":"https:\/\/archive.sana.sy\/tr\/index.php?rest_route=\/wp\/v2\/users\/1"}],"replies":[{"embeddable":true,"href":"https:\/\/archive.sana.sy\/tr\/index.php?rest_route=%2Fwp%2Fv2%2Fcomments&post=48497"}],"version-history":[{"count":0,"href":"https:\/\/archive.sana.sy\/tr\/index.php?rest_route=\/wp\/v2\/posts\/48497\/revisions"}],"wp:featuredmedia":[{"embeddable":true,"href":"https:\/\/archive.sana.sy\/tr\/index.php?rest_route=\/wp\/v2\/media\/48498"}],"wp:attachment":[{"href":"https:\/\/archive.sana.sy\/tr\/index.php?rest_route=%2Fwp%2Fv2%2Fmedia&parent=48497"}],"wp:term":[{"taxonomy":"category","embeddable":true,"href":"https:\/\/archive.sana.sy\/tr\/index.php?rest_route=%2Fwp%2Fv2%2Fcategories&post=48497"},{"taxonomy":"post_tag","embeddable":true,"href":"https:\/\/archive.sana.sy\/tr\/index.php?rest_route=%2Fwp%2Fv2%2Ftags&post=48497"}],"curies":[{"name":"wp","href":"https:\/\/api.w.org\/{rel}","templated":true}]}}