{"id":48508,"date":"2015-10-03T15:32:10","date_gmt":"2015-10-03T12:32:10","guid":{"rendered":"http:\/\/www.sana.sy\/tr\/?p=48508"},"modified":"2015-10-03T15:32:10","modified_gmt":"2015-10-03T12:32:10","slug":"turkiyede-gazeteciler-rejimin-baski-ve-dayatmalarina-karsi-yurudu","status":"publish","type":"post","link":"https:\/\/archive.sana.sy\/tr\/?p=48508","title":{"rendered":"T\u00fcrkiye\u2019de Gazeteciler Rejimin Bask\u0131 ve Dayatmalar\u0131na Kar\u015f\u0131 Y\u00fcr\u00fcd\u00fc"},"content":{"rendered":"<p>ANKARA \u2013 T\u00fcrkiye&#8217;deki ter\u00f6r destek\u00e7isi ihvanc\u0131 rejimin son d\u00f6nemlerde gazetecilere y\u00f6nelik bask\u0131 ve sald\u0131r\u0131lar\u0131 nedeniyle bas\u0131n meslek \u00f6rg\u00fctleri \u0130zmir, Ankara ve \u0130stanbul&#8217;da e\u015f zamanl\u0131 eylem d\u00fczenledi.<br \/>\nGazeteciler halk\u0131n haber alma \u00f6zg\u00fcrl\u00fc\u011f\u00fcn\u00fcn engellenmemesi ve can g\u00fcvenliklerinin sa\u011flanmas\u0131 ad\u0131na meydana indi. H\u00fcrriyet Gazetesi gazetecilerinden Ahmet Hakan\u2019a yap\u0131lan sald\u0131r\u0131n\u0131n sorumlulu\u011funu rejim ba\u015fkan\u0131 Recep Tayyip Erdo\u011fan\u2019a y\u00fckleyen eylemciler; parlamento se\u00e7imlerinin yakla\u015fmas\u0131yla bu gibi sald\u0131r\u0131lar\u0131n artmas\u0131ndan endi\u015felerini ifade etti.<\/p>\n<p>T\u00fcrkiye&#8217;nin muhtelif medya ara\u00e7lar\u0131 ve kaynaklar\u0131ndan gazeteciler; Erdo\u011fan ve rejimini gazetecilere sald\u0131r\u0131lar\u0131n\u0131 s\u00fcrd\u00fcrme tehlikesine kar\u015f\u0131 uyar\u0131da bulunarak ba\u015fta bas\u0131n \u00f6zg\u00fcrl\u00fc\u011f\u00fc olmak \u00fczere \u00f6zg\u00fcrl\u00fck ve demokrasi sava\u015flar\u0131n\u0131 s\u00fcrd\u00fcreceklerini hayk\u0131rd\u0131.<\/p>\n<p>Suriye&#8217;de as\u0131ls\u0131z iddialar alt\u0131nda I\u015e\u0130D ve Nusra Cephesinin yan\u0131 s\u0131ra d\u00fcnyan\u0131n bir\u00e7ok devletinden gelen az\u0131l\u0131 katil tekfircilere her t\u00fcrl\u00fc deste\u011fi temin eden Erdo\u011fan ve rejimi; sadece kendi \u015fahs\u0131na s\u00f6zde hakaret ettikleri gerek\u00e7esiyle y\u00fczlerce gazeteciyi g\u00f6z alt\u0131na al\u0131p i\u015fkencelere maruz b\u0131rakt\u0131.<\/p>\n<div id='gallery-1' class='gallery galleryid-48508 gallery-columns-2 gallery-size-medium'><figure class='gallery-item'>\n\t\t\t<div class='gallery-icon landscape'>\n\t\t\t\t<a href='https:\/\/archive.sana.sy\/tr\/wp-content\/uploads\/2015\/10\/6.jpg'><img loading=\"lazy\" decoding=\"async\" width=\"300\" height=\"180\" src=\"https:\/\/archive.sana.sy\/tr\/wp-content\/uploads\/2015\/10\/6-300x180.jpg\" class=\"attachment-medium size-medium\" alt=\"\" srcset=\"https:\/\/archive.sana.sy\/tr\/wp-content\/uploads\/2015\/10\/6-300x180.jpg 300w, https:\/\/archive.sana.sy\/tr\/wp-content\/uploads\/2015\/10\/6-150x90.jpg 150w, https:\/\/archive.sana.sy\/tr\/wp-content\/uploads\/2015\/10\/6-1024x615.jpg 1024w, https:\/\/archive.sana.sy\/tr\/wp-content\/uploads\/2015\/10\/6.jpg 1600w\" sizes=\"auto, (max-width: 300px) 100vw, 300px\" \/><\/a>\n\t\t\t<\/div><\/figure><figure class='gallery-item'>\n\t\t\t<div class='gallery-icon landscape'>\n\t\t\t\t<a href='https:\/\/archive.sana.sy\/tr\/wp-content\/uploads\/2015\/10\/21.jpg'><img loading=\"lazy\" decoding=\"async\" width=\"300\" height=\"169\" src=\"https:\/\/archive.sana.sy\/tr\/wp-content\/uploads\/2015\/10\/21-300x169.jpg\" class=\"attachment-medium size-medium\" alt=\"\" srcset=\"https:\/\/archive.sana.sy\/tr\/wp-content\/uploads\/2015\/10\/21-300x169.jpg 300w, https:\/\/archive.sana.sy\/tr\/wp-content\/uploads\/2015\/10\/21-150x85.jpg 150w, https:\/\/archive.sana.sy\/tr\/wp-content\/uploads\/2015\/10\/21.jpg 620w\" sizes=\"auto, (max-width: 300px) 100vw, 300px\" \/><\/a>\n\t\t\t<\/div><\/figure><figure class='gallery-item'>\n\t\t\t<div class='gallery-icon landscape'>\n\t\t\t\t<a href='https:\/\/archive.sana.sy\/tr\/wp-content\/uploads\/2015\/10\/3.jpg'><img loading=\"lazy\" decoding=\"async\" width=\"300\" height=\"169\" src=\"https:\/\/archive.sana.sy\/tr\/wp-content\/uploads\/2015\/10\/3-300x169.jpg\" class=\"attachment-medium size-medium\" alt=\"\" srcset=\"https:\/\/archive.sana.sy\/tr\/wp-content\/uploads\/2015\/10\/3-300x169.jpg 300w, https:\/\/archive.sana.sy\/tr\/wp-content\/uploads\/2015\/10\/3-150x85.jpg 150w, https:\/\/archive.sana.sy\/tr\/wp-content\/uploads\/2015\/10\/3.jpg 620w\" sizes=\"auto, (max-width: 300px) 100vw, 300px\" \/><\/a>\n\t\t\t<\/div><\/figure><figure class='gallery-item'>\n\t\t\t<div class='gallery-icon landscape'>\n\t\t\t\t<a href='https:\/\/archive.sana.sy\/tr\/wp-content\/uploads\/2015\/10\/4.jpg'><img loading=\"lazy\" decoding=\"async\" width=\"300\" height=\"169\" src=\"https:\/\/archive.sana.sy\/tr\/wp-content\/uploads\/2015\/10\/4-300x169.jpg\" class=\"attachment-medium size-medium\" alt=\"\" srcset=\"https:\/\/archive.sana.sy\/tr\/wp-content\/uploads\/2015\/10\/4-300x169.jpg 300w, https:\/\/archive.sana.sy\/tr\/wp-content\/uploads\/2015\/10\/4-150x85.jpg 150w, https:\/\/archive.sana.sy\/tr\/wp-content\/uploads\/2015\/10\/4.jpg 620w\" sizes=\"auto, (max-width: 300px) 100vw, 300px\" \/><\/a>\n\t\t\t<\/div><\/figure><figure class='gallery-item'>\n\t\t\t<div class='gallery-icon landscape'>\n\t\t\t\t<a href='https:\/\/archive.sana.sy\/tr\/wp-content\/uploads\/2015\/10\/5.jpg'><img loading=\"lazy\" decoding=\"async\" width=\"300\" height=\"167\" src=\"https:\/\/archive.sana.sy\/tr\/wp-content\/uploads\/2015\/10\/5-300x167.jpg\" class=\"attachment-medium size-medium\" alt=\"\" srcset=\"https:\/\/archive.sana.sy\/tr\/wp-content\/uploads\/2015\/10\/5-300x167.jpg 300w, https:\/\/archive.sana.sy\/tr\/wp-content\/uploads\/2015\/10\/5-150x83.jpg 150w, https:\/\/archive.sana.sy\/tr\/wp-content\/uploads\/2015\/10\/5.jpg 630w\" sizes=\"auto, (max-width: 300px) 100vw, 300px\" \/><\/a>\n\t\t\t<\/div><\/figure>\n\t\t<\/div>\n\n","protected":false},"excerpt":{"rendered":"<p>ANKARA \u2013 T\u00fcrkiye&#8217;deki ter\u00f6r destek\u00e7isi ihvanc\u0131 rejimin son d\u00f6nemlerde gazetecilere y\u00f6nelik bask\u0131 ve sald\u0131r\u0131lar\u0131 nedeniyle bas\u0131n meslek \u00f6rg\u00fctleri \u0130zmir, Ankara ve \u0130stanbul&#8217;da e\u015f zamanl\u0131 eylem d\u00fczenledi. Gazeteciler halk\u0131n haber alma \u00f6zg\u00fcrl\u00fc\u011f\u00fcn\u00fcn engellenmemesi ve can g\u00fcvenliklerinin sa\u011flanmas\u0131 ad\u0131na meydana indi. H\u00fcrriyet Gazetesi gazetecilerinden Ahmet Hakan\u2019a yap\u0131lan sald\u0131r\u0131n\u0131n sorumlulu\u011funu rejim ba\u015fkan\u0131 Recep Tayyip Erdo\u011fan\u2019a y\u00fckleyen eylemciler; parlamento &hellip;<\/p>\n","protected":false},"author":1,"featured_media":48514,"comment_status":"closed","ping_status":"closed","sticky":false,"template":"","format":"standard","meta":{"footnotes":""},"categories":[458,459,447,2554,2555],"tags":[17096,17097,17095],"class_list":["post-48508","post","type-post","status-publish","format-standard","has-post-thumbnail","","category-dunya1","category-haberler-arap-uluslararasi-politika","category-politika","category-suriye-ve-dunya","category-suriye-ve-turkiye","tag-recep-tayip-erdogan","tag-turkiye-gazetecileri","tag-turkiyede-gazeteciler-rejimin-baski-ve-dayatmalarina-karsi-yurudu"],"_links":{"self":[{"href":"https:\/\/archive.sana.sy\/tr\/index.php?rest_route=\/wp\/v2\/posts\/48508","targetHints":{"allow":["GET"]}}],"collection":[{"href":"https:\/\/archive.sana.sy\/tr\/index.php?rest_route=\/wp\/v2\/posts"}],"about":[{"href":"https:\/\/archive.sana.sy\/tr\/index.php?rest_route=\/wp\/v2\/types\/post"}],"author":[{"embeddable":true,"href":"https:\/\/archive.sana.sy\/tr\/index.php?rest_route=\/wp\/v2\/users\/1"}],"replies":[{"embeddable":true,"href":"https:\/\/archive.sana.sy\/tr\/index.php?rest_route=%2Fwp%2Fv2%2Fcomments&post=48508"}],"version-history":[{"count":0,"href":"https:\/\/archive.sana.sy\/tr\/index.php?rest_route=\/wp\/v2\/posts\/48508\/revisions"}],"wp:featuredmedia":[{"embeddable":true,"href":"https:\/\/archive.sana.sy\/tr\/index.php?rest_route=\/wp\/v2\/media\/48514"}],"wp:attachment":[{"href":"https:\/\/archive.sana.sy\/tr\/index.php?rest_route=%2Fwp%2Fv2%2Fmedia&parent=48508"}],"wp:term":[{"taxonomy":"category","embeddable":true,"href":"https:\/\/archive.sana.sy\/tr\/index.php?rest_route=%2Fwp%2Fv2%2Fcategories&post=48508"},{"taxonomy":"post_tag","embeddable":true,"href":"https:\/\/archive.sana.sy\/tr\/index.php?rest_route=%2Fwp%2Fv2%2Ftags&post=48508"}],"curies":[{"name":"wp","href":"https:\/\/api.w.org\/{rel}","templated":true}]}}