{"id":48509,"date":"2015-10-03T15:11:47","date_gmt":"2015-10-03T12:11:47","guid":{"rendered":"http:\/\/www.sana.sy\/tr\/?p=48509"},"modified":"2015-10-03T15:11:47","modified_gmt":"2015-10-03T12:11:47","slug":"pariste-rusyaya-tesekkur-eylemi","status":"publish","type":"post","link":"https:\/\/archive.sana.sy\/tr\/?p=48509","title":{"rendered":"Paris\u2019te Rusya&#8217;ya Te\u015fekk\u00fcr Eylemi"},"content":{"rendered":"<p>PAR\u0130S \u2013 Fransa\u2019da bulunan Suriyeli ve Frans\u0131z cemiyetlerin yan\u0131 s\u0131ra yabanc\u0131 cemiyetler d\u00fcn ak\u015fam ba\u015fkent Paris\u2019teki Rusya B\u00fcy\u00fckel\u00e7ili\u011fi \u00f6n\u00fcnde eylem d\u00fczenledi.<\/p>\n<p><a href=\"http:\/\/www.sana.sy\/tr\/wp-content\/uploads\/2015\/10\/Paris-2.jpg\"><img loading=\"lazy\" decoding=\"async\" class=\"alignright wp-image-48511 size-medium\" src=\"http:\/\/www.sana.sy\/tr\/wp-content\/uploads\/2015\/10\/Paris-2-300x168.jpg\" alt=\"Paris 2\" width=\"300\" height=\"168\" srcset=\"https:\/\/archive.sana.sy\/tr\/wp-content\/uploads\/2015\/10\/Paris-2-300x168.jpg 300w, https:\/\/archive.sana.sy\/tr\/wp-content\/uploads\/2015\/10\/Paris-2-150x84.jpg 150w, https:\/\/archive.sana.sy\/tr\/wp-content\/uploads\/2015\/10\/Paris-2.jpg 660w\" sizes=\"auto, (max-width: 300px) 100vw, 300px\" \/><\/a>Eylem kat\u0131l\u0131mc\u0131lar\u0131 Suriye&#8217;de ter\u00f6re kar\u015f\u0131 sava\u015f\u0131nda Suriye ordusunu destekleyen Rusya&#8217;ya takdirlerini ifade eden sloganlar atarken; t\u00fcm d\u00fcnya h\u00fck\u00fcmetlerinden Suriye&#8217;de kanlar\u0131 ak\u0131tan, medeniyet ve tarihi ya\u011fmalay\u0131p sabote eden ter\u00f6re son vermesinde Suriye&#8217;ye destek olmalar\u0131n\u0131 talep ettiler.<\/p>\n<p>Rusya ve ba\u015fkan\u0131 Vladimir Putin\u2019e \u015f\u00fckran pankartlar\u0131 a\u00e7an kat\u0131l\u0131mc\u0131lar; Suriye ve Rusya bayraklar\u0131n\u0131n yan\u0131 s\u0131ra Be\u015f\u015far el Esad ve Putin\u2019in foto\u011fraflar\u0131n\u0131 ta\u015f\u0131d\u0131.<\/p>\n","protected":false},"excerpt":{"rendered":"<p>PAR\u0130S \u2013 Fransa\u2019da bulunan Suriyeli ve Frans\u0131z cemiyetlerin yan\u0131 s\u0131ra yabanc\u0131 cemiyetler d\u00fcn ak\u015fam ba\u015fkent Paris\u2019teki Rusya B\u00fcy\u00fckel\u00e7ili\u011fi \u00f6n\u00fcnde eylem d\u00fczenledi. Eylem kat\u0131l\u0131mc\u0131lar\u0131 Suriye&#8217;de ter\u00f6re kar\u015f\u0131 sava\u015f\u0131nda Suriye ordusunu destekleyen Rusya&#8217;ya takdirlerini ifade eden sloganlar atarken; t\u00fcm d\u00fcnya h\u00fck\u00fcmetlerinden Suriye&#8217;de kanlar\u0131 ak\u0131tan, medeniyet ve tarihi ya\u011fmalay\u0131p sabote eden ter\u00f6re son vermesinde Suriye&#8217;ye destek olmalar\u0131n\u0131 talep &hellip;<\/p>\n","protected":false},"author":1,"featured_media":48510,"comment_status":"closed","ping_status":"closed","sticky":false,"template":"","format":"standard","meta":{"footnotes":""},"categories":[458,459],"tags":[],"class_list":["post-48509","post","type-post","status-publish","format-standard","has-post-thumbnail","","category-dunya1","category-haberler-arap-uluslararasi-politika"],"_links":{"self":[{"href":"https:\/\/archive.sana.sy\/tr\/index.php?rest_route=\/wp\/v2\/posts\/48509","targetHints":{"allow":["GET"]}}],"collection":[{"href":"https:\/\/archive.sana.sy\/tr\/index.php?rest_route=\/wp\/v2\/posts"}],"about":[{"href":"https:\/\/archive.sana.sy\/tr\/index.php?rest_route=\/wp\/v2\/types\/post"}],"author":[{"embeddable":true,"href":"https:\/\/archive.sana.sy\/tr\/index.php?rest_route=\/wp\/v2\/users\/1"}],"replies":[{"embeddable":true,"href":"https:\/\/archive.sana.sy\/tr\/index.php?rest_route=%2Fwp%2Fv2%2Fcomments&post=48509"}],"version-history":[{"count":0,"href":"https:\/\/archive.sana.sy\/tr\/index.php?rest_route=\/wp\/v2\/posts\/48509\/revisions"}],"wp:featuredmedia":[{"embeddable":true,"href":"https:\/\/archive.sana.sy\/tr\/index.php?rest_route=\/wp\/v2\/media\/48510"}],"wp:attachment":[{"href":"https:\/\/archive.sana.sy\/tr\/index.php?rest_route=%2Fwp%2Fv2%2Fmedia&parent=48509"}],"wp:term":[{"taxonomy":"category","embeddable":true,"href":"https:\/\/archive.sana.sy\/tr\/index.php?rest_route=%2Fwp%2Fv2%2Fcategories&post=48509"},{"taxonomy":"post_tag","embeddable":true,"href":"https:\/\/archive.sana.sy\/tr\/index.php?rest_route=%2Fwp%2Fv2%2Ftags&post=48509"}],"curies":[{"name":"wp","href":"https:\/\/api.w.org\/{rel}","templated":true}]}}