{"id":4858,"date":"2014-07-08T15:09:32","date_gmt":"2014-07-08T12:09:32","guid":{"rendered":"http:\/\/www.sana.sy\/tr\/?p=4858"},"modified":"2014-07-08T23:20:41","modified_gmt":"2014-07-08T20:20:41","slug":"tarihi-eserleri-yagmalama-eylemlerini-surduruyorlar","status":"publish","type":"post","link":"https:\/\/archive.sana.sy\/tr\/?p=4858","title":{"rendered":"Tarihi Eserleri Ya\u011fmalama Eylemlerini S\u00fcrd\u00fcr\u00fcyorlar"},"content":{"rendered":"<p>HOMS \u2013 G\u00fcvenlik g\u00fc\u00e7leri d\u00fcn Homs iline tabi Tedmur (Palmira) b\u00f6lgesindeki tar\u0131m arazilerinde ter\u00f6ristlere ait bir yuvada d\u0131\u015f g\u00fc\u00e7lerin patronajl\u0131\u011f\u0131ndaki ter\u00f6r \u00e7etelerinin daha sonra yurtd\u0131\u015f\u0131na satmak i\u00e7in topra\u011f\u0131n alt\u0131na g\u00f6md\u00fckleri iki tarihi eser heykelleri ele ge\u00e7irdi.<\/p>\n<p>Homs Valili\u011finde yetkili bir kaynak tarihi eserlerin MS 2. Y\u00fczy\u0131la ait oldu\u011funu a\u00e7\u0131klarken, heykellerin Palmira uygarl\u0131\u011f\u0131na \u0131\u015f\u0131k tutan insan heykellerinin yer ald\u0131\u011f\u0131 tablolardan ibaret oldu\u011funu a\u00e7\u0131klad\u0131.<\/p>\n<p>Kaynak ter\u00f6ristlerin kamufle etmeleri ve daha sonra ta\u015f\u0131mada kolayl\u0131k olmas\u0131 amac\u0131yla tarihi eserlerin \u00fcst\u00fcne \u00e7imento d\u00f6kt\u00fcklerine dikkat \u00e7ekerek, bunun levhalar\u0131n arkeolojik \u00f6zelliklerinin bozulmas\u0131na yol a\u00e7t\u0131\u011f\u0131n\u0131 belirtti.<\/p>\n","protected":false},"excerpt":{"rendered":"<p>HOMS \u2013 G\u00fcvenlik g\u00fc\u00e7leri d\u00fcn Homs iline tabi Tedmur (Palmira) b\u00f6lgesindeki tar\u0131m arazilerinde ter\u00f6ristlere ait bir yuvada d\u0131\u015f g\u00fc\u00e7lerin patronajl\u0131\u011f\u0131ndaki ter\u00f6r \u00e7etelerinin daha sonra yurtd\u0131\u015f\u0131na satmak i\u00e7in topra\u011f\u0131n alt\u0131na g\u00f6md\u00fckleri iki tarihi eser heykelleri ele ge\u00e7irdi. Homs Valili\u011finde yetkili bir kaynak tarihi eserlerin MS 2. Y\u00fczy\u0131la ait oldu\u011funu a\u00e7\u0131klarken, heykellerin Palmira uygarl\u0131\u011f\u0131na \u0131\u015f\u0131k tutan insan &hellip;<\/p>\n","protected":false},"author":1,"featured_media":4859,"comment_status":"closed","ping_status":"closed","sticky":false,"template":"","format":"standard","meta":{"footnotes":""},"categories":[511,575],"tags":[1057],"class_list":["post-4858","post","type-post","status-publish","format-standard","has-post-thumbnail","","category-kultur-ve-sanat","category-olaylar-ve-gercekler","tag-tarihi-eserleri-yagmalama-eylemlerini-surduruyorlar"],"_links":{"self":[{"href":"https:\/\/archive.sana.sy\/tr\/index.php?rest_route=\/wp\/v2\/posts\/4858","targetHints":{"allow":["GET"]}}],"collection":[{"href":"https:\/\/archive.sana.sy\/tr\/index.php?rest_route=\/wp\/v2\/posts"}],"about":[{"href":"https:\/\/archive.sana.sy\/tr\/index.php?rest_route=\/wp\/v2\/types\/post"}],"author":[{"embeddable":true,"href":"https:\/\/archive.sana.sy\/tr\/index.php?rest_route=\/wp\/v2\/users\/1"}],"replies":[{"embeddable":true,"href":"https:\/\/archive.sana.sy\/tr\/index.php?rest_route=%2Fwp%2Fv2%2Fcomments&post=4858"}],"version-history":[{"count":0,"href":"https:\/\/archive.sana.sy\/tr\/index.php?rest_route=\/wp\/v2\/posts\/4858\/revisions"}],"wp:featuredmedia":[{"embeddable":true,"href":"https:\/\/archive.sana.sy\/tr\/index.php?rest_route=\/wp\/v2\/media\/4859"}],"wp:attachment":[{"href":"https:\/\/archive.sana.sy\/tr\/index.php?rest_route=%2Fwp%2Fv2%2Fmedia&parent=4858"}],"wp:term":[{"taxonomy":"category","embeddable":true,"href":"https:\/\/archive.sana.sy\/tr\/index.php?rest_route=%2Fwp%2Fv2%2Fcategories&post=4858"},{"taxonomy":"post_tag","embeddable":true,"href":"https:\/\/archive.sana.sy\/tr\/index.php?rest_route=%2Fwp%2Fv2%2Ftags&post=4858"}],"curies":[{"name":"wp","href":"https:\/\/api.w.org\/{rel}","templated":true}]}}