{"id":48601,"date":"2015-10-04T09:58:29","date_gmt":"2015-10-04T06:58:29","guid":{"rendered":"http:\/\/sana.sy\/tr\/?p=48601"},"modified":"2015-10-04T13:58:54","modified_gmt":"2015-10-04T10:58:54","slug":"hava-guclerimiz-hama-ve-idlib-kirsallarina-dusen-abdidin-rahcan-ve-akrab-bolgelerinde-tekfirci-teroristlere-ait-olan-ve-bir-kismi-agir-silahlarla-donatilmis-cok-sayida-araci-tasidiklari-terorist-ve-c","status":"publish","type":"post","link":"https:\/\/archive.sana.sy\/tr\/?p=48601","title":{"rendered":"Hava g\u00fc\u00e7lerimiz Hama ve \u0130dlib k\u0131rsallar\u0131na d\u00fc\u015fen Abdidin, Rahcan ve Akrab b\u00f6lgelerinde tekfirci ter\u00f6ristlere ait olan ve bir k\u0131sm\u0131 a\u011f\u0131r silahlarla donat\u0131lm\u0131\u015f \u00e7ok say\u0131da arac\u0131 ta\u015f\u0131d\u0131klar\u0131 ter\u00f6rist ve cephaneyle birlikte imha etti."},"content":{"rendered":"<p>Hava g\u00fc\u00e7lerimiz Hama ve \u0130dlib k\u0131rsallar\u0131na d\u00fc\u015fen Abdidin, Rahcan ve Akrab b\u00f6lgelerinde tekfirci ter\u00f6ristlere ait olan ve bir k\u0131sm\u0131 a\u011f\u0131r silahlarla donat\u0131lm\u0131\u015f \u00e7ok say\u0131da arac\u0131 ta\u015f\u0131d\u0131klar\u0131 ter\u00f6rist ve cephaneyle birlikte imha etti.<\/p>\n","protected":false},"excerpt":{"rendered":"<p>Hava g\u00fc\u00e7lerimiz Hama ve \u0130dlib k\u0131rsallar\u0131na d\u00fc\u015fen Abdidin, Rahcan ve Akrab b\u00f6lgelerinde tekfirci ter\u00f6ristlere ait olan ve bir k\u0131sm\u0131 a\u011f\u0131r silahlarla donat\u0131lm\u0131\u015f \u00e7ok say\u0131da arac\u0131 ta\u015f\u0131d\u0131klar\u0131 ter\u00f6rist ve cephaneyle birlikte imha etti.<\/p>\n","protected":false},"author":1,"featured_media":0,"comment_status":"closed","ping_status":"closed","sticky":false,"template":"","format":"standard","meta":{"footnotes":""},"categories":[1],"tags":[],"class_list":["post-48601","post","type-post","status-publish","format-standard","","category-news-not-sorted"],"_links":{"self":[{"href":"https:\/\/archive.sana.sy\/tr\/index.php?rest_route=\/wp\/v2\/posts\/48601","targetHints":{"allow":["GET"]}}],"collection":[{"href":"https:\/\/archive.sana.sy\/tr\/index.php?rest_route=\/wp\/v2\/posts"}],"about":[{"href":"https:\/\/archive.sana.sy\/tr\/index.php?rest_route=\/wp\/v2\/types\/post"}],"author":[{"embeddable":true,"href":"https:\/\/archive.sana.sy\/tr\/index.php?rest_route=\/wp\/v2\/users\/1"}],"replies":[{"embeddable":true,"href":"https:\/\/archive.sana.sy\/tr\/index.php?rest_route=%2Fwp%2Fv2%2Fcomments&post=48601"}],"version-history":[{"count":0,"href":"https:\/\/archive.sana.sy\/tr\/index.php?rest_route=\/wp\/v2\/posts\/48601\/revisions"}],"wp:attachment":[{"href":"https:\/\/archive.sana.sy\/tr\/index.php?rest_route=%2Fwp%2Fv2%2Fmedia&parent=48601"}],"wp:term":[{"taxonomy":"category","embeddable":true,"href":"https:\/\/archive.sana.sy\/tr\/index.php?rest_route=%2Fwp%2Fv2%2Fcategories&post=48601"},{"taxonomy":"post_tag","embeddable":true,"href":"https:\/\/archive.sana.sy\/tr\/index.php?rest_route=%2Fwp%2Fv2%2Ftags&post=48601"}],"curies":[{"name":"wp","href":"https:\/\/api.w.org\/{rel}","templated":true}]}}