{"id":48612,"date":"2015-10-04T12:21:19","date_gmt":"2015-10-04T09:21:19","guid":{"rendered":"http:\/\/sana.sy\/tr\/?p=48612"},"modified":"2015-10-04T14:21:33","modified_gmt":"2015-10-04T11:21:33","slug":"rusya-savunma-bakanligi-rus-hava-guclerinin-suriyede-teror-orgutlerin-mevkilerine-karsi-yuksek-hassasiyete-sahip-lazer-gudumlu-dakik-fuzeler-kullandigini-belirtti","status":"publish","type":"post","link":"https:\/\/archive.sana.sy\/tr\/?p=48612","title":{"rendered":"Rusya Savunma Bakanl\u0131\u011f\u0131 Rus hava g\u00fc\u00e7lerinin Suriye&#8217;de ter\u00f6r \u00f6rg\u00fctlerin mevkilerine kar\u015f\u0131 y\u00fcksek hassasiyete sahip lazer g\u00fcd\u00fcml\u00fc dakik f\u00fczeler kulland\u0131\u011f\u0131n\u0131 belirtti"},"content":{"rendered":"<p>Rusya Savunma Bakanl\u0131\u011f\u0131 Rus hava g\u00fc\u00e7lerinin Suriye&#8217;de ter\u00f6r \u00f6rg\u00fctlerin mevkilerine kar\u015f\u0131 y\u00fcksek hassasiyete sahip lazer g\u00fcd\u00fcml\u00fc dakik f\u00fczeler kulland\u0131\u011f\u0131n\u0131 belirtti<\/p>\n","protected":false},"excerpt":{"rendered":"<p>Rusya Savunma Bakanl\u0131\u011f\u0131 Rus hava g\u00fc\u00e7lerinin Suriye&#8217;de ter\u00f6r \u00f6rg\u00fctlerin mevkilerine kar\u015f\u0131 y\u00fcksek hassasiyete sahip lazer g\u00fcd\u00fcml\u00fc dakik f\u00fczeler kulland\u0131\u011f\u0131n\u0131 belirtti<\/p>\n","protected":false},"author":1,"featured_media":0,"comment_status":"closed","ping_status":"closed","sticky":false,"template":"","format":"standard","meta":{"footnotes":""},"categories":[1],"tags":[],"class_list":["post-48612","post","type-post","status-publish","format-standard","","category-news-not-sorted"],"_links":{"self":[{"href":"https:\/\/archive.sana.sy\/tr\/index.php?rest_route=\/wp\/v2\/posts\/48612","targetHints":{"allow":["GET"]}}],"collection":[{"href":"https:\/\/archive.sana.sy\/tr\/index.php?rest_route=\/wp\/v2\/posts"}],"about":[{"href":"https:\/\/archive.sana.sy\/tr\/index.php?rest_route=\/wp\/v2\/types\/post"}],"author":[{"embeddable":true,"href":"https:\/\/archive.sana.sy\/tr\/index.php?rest_route=\/wp\/v2\/users\/1"}],"replies":[{"embeddable":true,"href":"https:\/\/archive.sana.sy\/tr\/index.php?rest_route=%2Fwp%2Fv2%2Fcomments&post=48612"}],"version-history":[{"count":0,"href":"https:\/\/archive.sana.sy\/tr\/index.php?rest_route=\/wp\/v2\/posts\/48612\/revisions"}],"wp:attachment":[{"href":"https:\/\/archive.sana.sy\/tr\/index.php?rest_route=%2Fwp%2Fv2%2Fmedia&parent=48612"}],"wp:term":[{"taxonomy":"category","embeddable":true,"href":"https:\/\/archive.sana.sy\/tr\/index.php?rest_route=%2Fwp%2Fv2%2Fcategories&post=48612"},{"taxonomy":"post_tag","embeddable":true,"href":"https:\/\/archive.sana.sy\/tr\/index.php?rest_route=%2Fwp%2Fv2%2Ftags&post=48612"}],"curies":[{"name":"wp","href":"https:\/\/api.w.org\/{rel}","templated":true}]}}