{"id":4862,"date":"2014-07-08T15:30:13","date_gmt":"2014-07-08T12:30:13","guid":{"rendered":"http:\/\/www.sana.sy\/tr\/?p=4862"},"modified":"2014-07-09T00:08:53","modified_gmt":"2014-07-08T21:08:53","slug":"aralarinda-3-cocugun-bulundugu-11-yarali","status":"publish","type":"post","link":"https:\/\/archive.sana.sy\/tr\/?p=4862","title":{"rendered":"\u00dc\u00e7 \u00c7ocuk \u015eehit, 12 Yaral\u0131"},"content":{"rendered":"<p>\u015eAM KIRSALI \u2013 Tekfirci ve hain ter\u00f6r \u00e7etelerinin bug\u00fcn \u015eam k\u0131rsal\u0131n\u0131n sivil yerle\u015fim alanlar\u0131ndan Def el \u015eevk B\u00f6lgesini havan mermileriyle hedef almalar\u0131 sonucunda 3 \u00e7ocuk \u015fehit d\u00fc\u015ft\u00fc, 12 vatanda\u015f da yaraland\u0131.<\/p>\n<p>Dima\u015fk Devlet Hastanesinde t\u0131bbi bir kaynak; hastaneye 3 \u00e7ocu\u011fun na\u015f\u0131n\u0131n yan\u0131 s\u0131ra 12 yaral\u0131 sivil vatanda\u015f\u0131n kald\u0131r\u0131ld\u0131\u011f\u0131n\u0131 belirtirken, yaral\u0131lara gerekli t\u0131bbi m\u00fcdahalenin yap\u0131ld\u0131\u011f\u0131n\u0131 ifade etti.<\/p>\n<p>Emniyet M\u00fcd\u00fcrl\u00fc\u011f\u00fcnde bir kaynak ter\u00f6ristlerin havan sald\u0131r\u0131lar\u0131nda vatanda\u015flar\u0131n m\u00fclklerinde maddi hasarlar\u0131n olu\u015ftu\u011funu ifade etti.<\/p>\n<p>&nbsp;<\/p>\n","protected":false},"excerpt":{"rendered":"<p>\u015eAM KIRSALI \u2013 Tekfirci ve hain ter\u00f6r \u00e7etelerinin bug\u00fcn \u015eam k\u0131rsal\u0131n\u0131n sivil yerle\u015fim alanlar\u0131ndan Def el \u015eevk B\u00f6lgesini havan mermileriyle hedef almalar\u0131 sonucunda 3 \u00e7ocuk \u015fehit d\u00fc\u015ft\u00fc, 12 vatanda\u015f da yaraland\u0131. Dima\u015fk Devlet Hastanesinde t\u0131bbi bir kaynak; hastaneye 3 \u00e7ocu\u011fun na\u015f\u0131n\u0131n yan\u0131 s\u0131ra 12 yaral\u0131 sivil vatanda\u015f\u0131n kald\u0131r\u0131ld\u0131\u011f\u0131n\u0131 belirtirken, yaral\u0131lara gerekli t\u0131bbi m\u00fcdahalenin yap\u0131ld\u0131\u011f\u0131n\u0131 ifade &hellip;<\/p>\n","protected":false},"author":1,"featured_media":4863,"comment_status":"closed","ping_status":"closed","sticky":false,"template":"","format":"standard","meta":{"footnotes":""},"categories":[575],"tags":[1060,1058,1059],"class_list":["post-4862","post","type-post","status-publish","format-standard","has-post-thumbnail","","category-olaylar-ve-gercekler","tag-12-yarali","tag-aralarinda-3-cocugun-bulundugu-11-yarali","tag-uc-cocuk-sehit"],"_links":{"self":[{"href":"https:\/\/archive.sana.sy\/tr\/index.php?rest_route=\/wp\/v2\/posts\/4862","targetHints":{"allow":["GET"]}}],"collection":[{"href":"https:\/\/archive.sana.sy\/tr\/index.php?rest_route=\/wp\/v2\/posts"}],"about":[{"href":"https:\/\/archive.sana.sy\/tr\/index.php?rest_route=\/wp\/v2\/types\/post"}],"author":[{"embeddable":true,"href":"https:\/\/archive.sana.sy\/tr\/index.php?rest_route=\/wp\/v2\/users\/1"}],"replies":[{"embeddable":true,"href":"https:\/\/archive.sana.sy\/tr\/index.php?rest_route=%2Fwp%2Fv2%2Fcomments&post=4862"}],"version-history":[{"count":0,"href":"https:\/\/archive.sana.sy\/tr\/index.php?rest_route=\/wp\/v2\/posts\/4862\/revisions"}],"wp:featuredmedia":[{"embeddable":true,"href":"https:\/\/archive.sana.sy\/tr\/index.php?rest_route=\/wp\/v2\/media\/4863"}],"wp:attachment":[{"href":"https:\/\/archive.sana.sy\/tr\/index.php?rest_route=%2Fwp%2Fv2%2Fmedia&parent=4862"}],"wp:term":[{"taxonomy":"category","embeddable":true,"href":"https:\/\/archive.sana.sy\/tr\/index.php?rest_route=%2Fwp%2Fv2%2Fcategories&post=4862"},{"taxonomy":"post_tag","embeddable":true,"href":"https:\/\/archive.sana.sy\/tr\/index.php?rest_route=%2Fwp%2Fv2%2Ftags&post=4862"}],"curies":[{"name":"wp","href":"https:\/\/api.w.org\/{rel}","templated":true}]}}