{"id":48620,"date":"2015-10-04T13:37:48","date_gmt":"2015-10-04T10:37:48","guid":{"rendered":"http:\/\/sana.sy\/tr\/?p=48620"},"modified":"2015-10-04T14:38:05","modified_gmt":"2015-10-04T11:38:05","slug":"dera-kirsalinda-israil-ve-urdun-komutasi-ve-destegindeki-vatan-haini-ve-tekfirci-teroristlere-karsi-operasyonlardan-askeri-kaynak-sanaya-aciklamasinda-vatan-koruyucularimizin-busra-el-sam-ken","status":"publish","type":"post","link":"https:\/\/archive.sana.sy\/tr\/?p=48620","title":{"rendered":"Dera k\u0131rsal\u0131nda \u0130srail ve \u00dcrd\u00fcn komutas\u0131 ve deste\u011findeki vatan haini ve tekfirci ter\u00f6ristlere kar\u015f\u0131 operasyonlardan askeri kaynak SANA\u2019ya a\u00e7\u0131klamas\u0131nda vatan koruyucular\u0131m\u0131z\u0131n Busra el \u015eam Kentinde geneli Nusra Cephesine tabi olan \u00e7ok say\u0131da ter\u00f6risti ara\u00e7 ve te\u00e7hizatlar\u0131yla birlikte etkisizle\u015ftirdiklerini aktard\u0131."},"content":{"rendered":"<p>Dera k\u0131rsal\u0131nda \u0130srail ve \u00dcrd\u00fcn komutas\u0131 ve deste\u011findeki vatan haini ve tekfirci ter\u00f6ristlere kar\u015f\u0131 operasyonlardan askeri kaynak SANA\u2019ya a\u00e7\u0131klamas\u0131nda vatan koruyucular\u0131m\u0131z\u0131n Busra el \u015eam Kentinde geneli Nusra Cephesine tabi olan \u00e7ok say\u0131da ter\u00f6risti ara\u00e7 ve te\u00e7hizatlar\u0131yla birlikte etkisizle\u015ftirdiklerini aktard\u0131.<\/p>\n","protected":false},"excerpt":{"rendered":"<p>Dera k\u0131rsal\u0131nda \u0130srail ve \u00dcrd\u00fcn komutas\u0131 ve deste\u011findeki vatan haini ve tekfirci ter\u00f6ristlere kar\u015f\u0131 operasyonlardan askeri kaynak SANA\u2019ya a\u00e7\u0131klamas\u0131nda vatan koruyucular\u0131m\u0131z\u0131n Busra el \u015eam Kentinde geneli Nusra Cephesine tabi olan \u00e7ok say\u0131da ter\u00f6risti ara\u00e7 ve te\u00e7hizatlar\u0131yla birlikte etkisizle\u015ftirdiklerini aktard\u0131.<\/p>\n","protected":false},"author":1,"featured_media":0,"comment_status":"closed","ping_status":"closed","sticky":false,"template":"","format":"standard","meta":{"footnotes":""},"categories":[1],"tags":[],"class_list":["post-48620","post","type-post","status-publish","format-standard","","category-news-not-sorted"],"_links":{"self":[{"href":"https:\/\/archive.sana.sy\/tr\/index.php?rest_route=\/wp\/v2\/posts\/48620","targetHints":{"allow":["GET"]}}],"collection":[{"href":"https:\/\/archive.sana.sy\/tr\/index.php?rest_route=\/wp\/v2\/posts"}],"about":[{"href":"https:\/\/archive.sana.sy\/tr\/index.php?rest_route=\/wp\/v2\/types\/post"}],"author":[{"embeddable":true,"href":"https:\/\/archive.sana.sy\/tr\/index.php?rest_route=\/wp\/v2\/users\/1"}],"replies":[{"embeddable":true,"href":"https:\/\/archive.sana.sy\/tr\/index.php?rest_route=%2Fwp%2Fv2%2Fcomments&post=48620"}],"version-history":[{"count":0,"href":"https:\/\/archive.sana.sy\/tr\/index.php?rest_route=\/wp\/v2\/posts\/48620\/revisions"}],"wp:attachment":[{"href":"https:\/\/archive.sana.sy\/tr\/index.php?rest_route=%2Fwp%2Fv2%2Fmedia&parent=48620"}],"wp:term":[{"taxonomy":"category","embeddable":true,"href":"https:\/\/archive.sana.sy\/tr\/index.php?rest_route=%2Fwp%2Fv2%2Fcategories&post=48620"},{"taxonomy":"post_tag","embeddable":true,"href":"https:\/\/archive.sana.sy\/tr\/index.php?rest_route=%2Fwp%2Fv2%2Ftags&post=48620"}],"curies":[{"name":"wp","href":"https:\/\/api.w.org\/{rel}","templated":true}]}}