{"id":48666,"date":"2015-10-05T13:45:35","date_gmt":"2015-10-05T10:45:35","guid":{"rendered":"http:\/\/sana.sy\/tr\/?p=48666"},"modified":"2015-10-05T13:45:35","modified_gmt":"2015-10-05T10:45:35","slug":"zoubi-erdoganin-aciklamalari-yanlis-politikalari-sonucu-yasadigi-husranin-hacmini-yansitiyor","status":"publish","type":"post","link":"https:\/\/archive.sana.sy\/tr\/?p=48666","title":{"rendered":"Zoubi: Erdo\u011fan\u2019\u0131n A\u00e7\u0131klamalar\u0131 Yanl\u0131\u015f Politikalar\u0131 Sonucu Ya\u015fad\u0131\u011f\u0131 H\u00fcsran\u0131n Hacmini Yans\u0131t\u0131yor"},"content":{"rendered":"<p>\u015eAM \u2013 Enformasyon Bakan\u0131 Omran el Zoubi, Rusya\u2019n\u0131n Suriye&#8217;de bulunan ter\u00f6r mevkilerine y\u00f6nelik d\u00fczenledi\u011fi operasyonlar\u0131n silahl\u0131 ter\u00f6r gruplar\u0131n\u0131 ve destek\u00e7ilerinin s\u00f6ylemlerinin \u00e7\u0131\u011fl\u0131\u011fa d\u00f6n\u00fc\u015fmesine yol a\u00e7t\u0131\u011f\u0131n\u0131 dile getirerek ABD\u2019nin I\u015e\u0130D ter\u00f6r \u00f6rg\u00fct\u00fcne kar\u015f\u0131 kurdu\u011fu Koalisyon G\u00fc\u00e7lerinin hi\u00e7bir operasyonunun silahl\u0131 ter\u00f6r gruplar\u0131n\u0131n \u00e7\u0131\u011fl\u0131\u011f\u0131na yol a\u00e7mam\u0131\u015f oldu\u011funa dikkat \u00e7ekti.<\/p>\n<p>Suriye Televizyonunda d\u00fcn bir programa kat\u0131lan Zoubi, Washington\u2019un I\u015e\u0130D ter\u00f6r \u00f6rg\u00fct\u00fcne kar\u015f\u0131 olu\u015fturdu\u011fu koalisyonun ciddi bir olu\u015fum olmad\u0131\u011f\u0131n\u0131 ibraz ederek bu koalisyonun I\u015e\u0130D ter\u00f6r \u00f6rg\u00fct\u00fcne kar\u015f\u0131 d\u00fczenledi\u011fi bombard\u0131manlar\u0131n silahl\u0131 ter\u00f6r gruplar\u0131n\u0131n yay\u0131lmas\u0131n\u0131 durdurmak yerine bu yay\u0131lmay\u0131 h\u0131zland\u0131rd\u0131\u011f\u0131n\u0131 vurgulad\u0131.<\/p>\n<p>Rusya\u2019n\u0131n Suriye&#8217;de silahl\u0131 ter\u00f6r gruplar\u0131na kar\u0131\u015f\u0131 d\u00fczenledi\u011fi operasyonlarla ilgili \u0130ngiltere ve di\u011fer Bat\u0131l\u0131 devletlerin g\u00f6sterdi\u011fi tepkiyle ilgili soruya cevaben, I\u015e\u0130D, Nusra Cephesi, \u0130hvan el M\u00fcslimin ve di\u011fer b\u00fct\u00fcn ter\u00f6r \u00f6rg\u00fctlerinin Bat\u0131l\u0131 devletlerin me\u015fru \u00e7ocuklar\u0131 oldu\u011funu ifade eden Zoubi, Rusya\u2019n\u0131n operasyonlar\u0131n\u0131n ba\u015flamas\u0131ndan sonra; Fransa, \u0130ngiltere, Suudi Arabistan ve daha bir\u00e7ok devletin daha \u00f6nce hi\u00e7 olmad\u0131\u011f\u0131 kadar b\u00fcy\u00fck bir hezeyan i\u00e7erisine girdiklerinin alt\u0131n\u0131 \u00e7izdi.<\/p>\n<p>Suriye devletini b\u00fct\u00fcn altyap\u0131s\u0131 ve kurumlar\u0131yla tahrip etmeyi ama\u00e7layan b\u00fct\u00fcn sald\u0131r\u0131 ve \u00e7abalar\u0131n b\u00fcy\u00fck bir ba\u015far\u0131s\u0131zl\u0131\u011fa u\u011fram\u0131\u015f oldu\u011funu dile getiren Zoubi; Suriye&#8217;yi koruyan en g\u00fc\u00e7l\u00fc kalkan\u0131n Suriye halk\u0131n\u0131n vatanseverli\u011fi oldu\u011funun alt\u0131n\u0131 \u00e7izdi.<\/p>\n<p>Suriye ve halk\u0131n\u0131n, Bat\u0131l\u0131 yetkililerin s\u00f6ylemlerini dikkate almad\u0131klar\u0131na de\u011finen Zoubi, Suriye&#8217;de Cumhurba\u015fkan\u0131 Be\u015f\u015far el Esad\u2019\u0131n; karar mercii, g\u00fcvencesi, sahibi, anahtar\u0131 ve belirleyicisi olmad\u0131\u011f\u0131 bir siyasi \u00e7\u00f6z\u00fcm\u00fcn hi\u00e7bir \u015fekilde ger\u00e7ekle\u015femeyece\u011fini vurgulad\u0131.<\/p>\n<p>T\u00fcrkiye Rejimi Ba\u015fkan\u0131 Recep Tayip Erdo\u011fan\u2019\u0131n a\u00e7\u0131klamalar\u0131 ile ilgili sorulan soruya cevaben, Suriye devletinin genel olarak bu t\u00fcr a\u00e7\u0131klamalar\u0131 dikkate almad\u0131\u011f\u0131n\u0131 ifade eden Zoubi, Erdo\u011fan\u2019\u0131n a\u00e7\u0131klamalar\u0131n\u0131n ekonomi ve uluslararas\u0131 ili\u015fkilerle izledi\u011fi yanl\u0131\u015f politikalar\u0131 sonucu u\u011fram\u0131\u015f oldu\u011fu h\u00fcsran\u0131n hacmini yans\u0131tt\u0131\u011f\u0131n\u0131 ibraz etti.<\/p>\n<p>F.B.<\/p>\n","protected":false},"excerpt":{"rendered":"<p>\u015eAM \u2013 Enformasyon Bakan\u0131 Omran el Zoubi, Rusya\u2019n\u0131n Suriye&#8217;de bulunan ter\u00f6r mevkilerine y\u00f6nelik d\u00fczenledi\u011fi operasyonlar\u0131n silahl\u0131 ter\u00f6r gruplar\u0131n\u0131 ve destek\u00e7ilerinin s\u00f6ylemlerinin \u00e7\u0131\u011fl\u0131\u011fa d\u00f6n\u00fc\u015fmesine yol a\u00e7t\u0131\u011f\u0131n\u0131 dile getirerek ABD\u2019nin I\u015e\u0130D ter\u00f6r \u00f6rg\u00fct\u00fcne kar\u015f\u0131 kurdu\u011fu Koalisyon G\u00fc\u00e7lerinin hi\u00e7bir operasyonunun silahl\u0131 ter\u00f6r gruplar\u0131n\u0131n \u00e7\u0131\u011fl\u0131\u011f\u0131na yol a\u00e7mam\u0131\u015f oldu\u011funa dikkat \u00e7ekti. Suriye Televizyonunda d\u00fcn bir programa kat\u0131lan Zoubi, Washington\u2019un I\u015e\u0130D &hellip;<\/p>\n","protected":false},"author":1,"featured_media":48667,"comment_status":"closed","ping_status":"closed","sticky":false,"template":"","format":"standard","meta":{"footnotes":""},"categories":[556,479,447,557,2554,2555,478],"tags":[17124,9401,17126,17127,3039,17125],"class_list":["post-48666","post","type-post","status-publish","format-standard","has-post-thumbnail","","category-basin","category-haberler-yerel","category-politika","category-suriye-basini","category-suriye-ve-dunya","category-suriye-ve-turkiye","category-yerel","tag-enformasyon-bakani-omran-el-zoubi","tag-erdogan","tag-recep","tag-tayyip","tag-turkiye","tag-zoubi-erdoganin-aciklamalari-yanlis-politikalari-sonucu-yasadigi-husranin-hacmini-yansitiyor"],"_links":{"self":[{"href":"https:\/\/archive.sana.sy\/tr\/index.php?rest_route=\/wp\/v2\/posts\/48666","targetHints":{"allow":["GET"]}}],"collection":[{"href":"https:\/\/archive.sana.sy\/tr\/index.php?rest_route=\/wp\/v2\/posts"}],"about":[{"href":"https:\/\/archive.sana.sy\/tr\/index.php?rest_route=\/wp\/v2\/types\/post"}],"author":[{"embeddable":true,"href":"https:\/\/archive.sana.sy\/tr\/index.php?rest_route=\/wp\/v2\/users\/1"}],"replies":[{"embeddable":true,"href":"https:\/\/archive.sana.sy\/tr\/index.php?rest_route=%2Fwp%2Fv2%2Fcomments&post=48666"}],"version-history":[{"count":0,"href":"https:\/\/archive.sana.sy\/tr\/index.php?rest_route=\/wp\/v2\/posts\/48666\/revisions"}],"wp:featuredmedia":[{"embeddable":true,"href":"https:\/\/archive.sana.sy\/tr\/index.php?rest_route=\/wp\/v2\/media\/48667"}],"wp:attachment":[{"href":"https:\/\/archive.sana.sy\/tr\/index.php?rest_route=%2Fwp%2Fv2%2Fmedia&parent=48666"}],"wp:term":[{"taxonomy":"category","embeddable":true,"href":"https:\/\/archive.sana.sy\/tr\/index.php?rest_route=%2Fwp%2Fv2%2Fcategories&post=48666"},{"taxonomy":"post_tag","embeddable":true,"href":"https:\/\/archive.sana.sy\/tr\/index.php?rest_route=%2Fwp%2Fv2%2Ftags&post=48666"}],"curies":[{"name":"wp","href":"https:\/\/api.w.org\/{rel}","templated":true}]}}