{"id":48680,"date":"2015-10-05T08:29:39","date_gmt":"2015-10-05T05:29:39","guid":{"rendered":"http:\/\/sana.sy\/tr\/?p=48680"},"modified":"2015-10-05T14:30:09","modified_gmt":"2015-10-05T11:30:09","slug":"idlib-idlib-kirsalinin-muhtelif-bolgelerinde-turkiye2deki-resmi-ve-resmi-olmayan-taraflarin-destegi-ile-fetih-ordusu-adi-altinda-faaliyet-gosteren-ve-geneli-yabanci-tekfircilerden-o","status":"publish","type":"post","link":"https:\/\/archive.sana.sy\/tr\/?p=48680","title":{"rendered":"\u0130DL\u0130B: \u0130dlib k\u0131rsal\u0131n\u0131n muhtelif b\u00f6lgelerinde T\u00fcrkiye2deki resmi ve resmi olmayan taraflar\u0131n deste\u011fi ile \u2018Fetih Ordusu\u2019 ad\u0131 alt\u0131nda faaliyet g\u00f6steren ve geneli yabanc\u0131 tekfircilerden olu\u015fan \u00e7etelere kar\u015f\u0131 operasyonlar\u0131nda hava g\u00fc\u00e7lerimiz Cisre\u015f\u015fu\u011fur\u2019da mevki ve ara\u00e7lar\u0131n\u0131 imha edip onlar\u0131 a\u011f\u0131r kay\u0131plara u\u011fratt\u0131."},"content":{"rendered":"<p>\u0130DL\u0130B: \u0130dlib k\u0131rsal\u0131n\u0131n muhtelif b\u00f6lgelerinde T\u00fcrkiye2deki resmi ve resmi olmayan taraflar\u0131n deste\u011fi ile \u2018Fetih Ordusu\u2019 ad\u0131 alt\u0131nda faaliyet g\u00f6steren ve geneli yabanc\u0131 tekfircilerden olu\u015fan \u00e7etelere kar\u015f\u0131 operasyonlar\u0131nda hava g\u00fc\u00e7lerimiz Cisre\u015f\u015fu\u011fur\u2019da mevki ve ara\u00e7lar\u0131n\u0131 imha edip onlar\u0131 a\u011f\u0131r kay\u0131plara u\u011fratt\u0131.<\/p>\n","protected":false},"excerpt":{"rendered":"<p>\u0130DL\u0130B: \u0130dlib k\u0131rsal\u0131n\u0131n muhtelif b\u00f6lgelerinde T\u00fcrkiye2deki resmi ve resmi olmayan taraflar\u0131n deste\u011fi ile \u2018Fetih Ordusu\u2019 ad\u0131 alt\u0131nda faaliyet g\u00f6steren ve geneli yabanc\u0131 tekfircilerden olu\u015fan \u00e7etelere kar\u015f\u0131 operasyonlar\u0131nda hava g\u00fc\u00e7lerimiz Cisre\u015f\u015fu\u011fur\u2019da mevki ve ara\u00e7lar\u0131n\u0131 imha edip onlar\u0131 a\u011f\u0131r kay\u0131plara u\u011fratt\u0131.<\/p>\n","protected":false},"author":1,"featured_media":0,"comment_status":"closed","ping_status":"closed","sticky":false,"template":"","format":"standard","meta":{"footnotes":""},"categories":[1],"tags":[],"class_list":["post-48680","post","type-post","status-publish","format-standard","","category-news-not-sorted"],"_links":{"self":[{"href":"https:\/\/archive.sana.sy\/tr\/index.php?rest_route=\/wp\/v2\/posts\/48680","targetHints":{"allow":["GET"]}}],"collection":[{"href":"https:\/\/archive.sana.sy\/tr\/index.php?rest_route=\/wp\/v2\/posts"}],"about":[{"href":"https:\/\/archive.sana.sy\/tr\/index.php?rest_route=\/wp\/v2\/types\/post"}],"author":[{"embeddable":true,"href":"https:\/\/archive.sana.sy\/tr\/index.php?rest_route=\/wp\/v2\/users\/1"}],"replies":[{"embeddable":true,"href":"https:\/\/archive.sana.sy\/tr\/index.php?rest_route=%2Fwp%2Fv2%2Fcomments&post=48680"}],"version-history":[{"count":0,"href":"https:\/\/archive.sana.sy\/tr\/index.php?rest_route=\/wp\/v2\/posts\/48680\/revisions"}],"wp:attachment":[{"href":"https:\/\/archive.sana.sy\/tr\/index.php?rest_route=%2Fwp%2Fv2%2Fmedia&parent=48680"}],"wp:term":[{"taxonomy":"category","embeddable":true,"href":"https:\/\/archive.sana.sy\/tr\/index.php?rest_route=%2Fwp%2Fv2%2Fcategories&post=48680"},{"taxonomy":"post_tag","embeddable":true,"href":"https:\/\/archive.sana.sy\/tr\/index.php?rest_route=%2Fwp%2Fv2%2Ftags&post=48680"}],"curies":[{"name":"wp","href":"https:\/\/api.w.org\/{rel}","templated":true}]}}