{"id":48725,"date":"2015-10-05T23:52:58","date_gmt":"2015-10-05T20:52:58","guid":{"rendered":"http:\/\/sana.sy\/tr\/?p=48725"},"modified":"2015-10-07T12:41:52","modified_gmt":"2015-10-07T09:41:52","slug":"rusyanin-zaferinden-hic-kuskum-yoktur","status":"publish","type":"post","link":"https:\/\/archive.sana.sy\/tr\/?p=48725","title":{"rendered":"Muallim: Rusya Hava G\u00fc\u00e7lerinin Operasyon Haz\u0131rl\u0131klar\u0131 Aylar \u00d6ncesinden Ba\u015flam\u0131\u015ft\u0131"},"content":{"rendered":"<p>BEYRUT \u2013 Ba\u015fbakan Yard\u0131mc\u0131s\u0131 D\u0131\u015fi\u015fleri ve Gurbet\u00e7iler Bakan\u0131 Velid el Muallim; Rus hava g\u00fc\u00e7lerinin Suriye\u2019deki operasyonlar\u0131na aylar \u00f6nce haz\u0131rl\u0131k yap\u0131ld\u0131\u011f\u0131n\u0131 ifade ederek, hi\u00e7 kimsenin bu operasyonlar\u0131 \u015fu ana ba\u011flamas\u0131n\u0131n m\u00fcmk\u00fcn olmad\u0131\u011f\u0131n\u0131 vurgulad\u0131.<\/p>\n<p>D\u00fcn Meyadin Televizyonunda bir programa kat\u0131lan Muallim; Rusya\u2019n\u0131n, Irak\u2019ta, Suriye, Irak, Rusya ve \u0130ran\u2019\u0131 kapsayacak bir bili\u015fim merkezi a\u00e7maya \u00e7al\u0131\u015ft\u0131\u011f\u0131na i\u015faret ederek bu merkezin ad\u0131 ge\u00e7en \u00fclkeler aras\u0131ndaki bilgi al\u0131\u015fveri\u015finde \u00f6nemli bir g\u00f6revi olaca\u011f\u0131n\u0131 belirtti.<\/p>\n<p><span style=\"color: #0000ff\">Hava ve Kara Kuvvetleri Aras\u0131ndaki Koordinasyonla D\u00fczenlenen Operasyonlar\u0131n Ba\u015far\u0131s\u0131 Ka\u00e7\u0131n\u0131lmaz<\/span><\/p>\n<p><a href=\"http:\/\/sana.sy\/tr\/wp-content\/uploads\/2015\/10\/24.jpg\"><img loading=\"lazy\" decoding=\"async\" class=\"alignright wp-image-48767 size-medium\" src=\"http:\/\/sana.sy\/tr\/wp-content\/uploads\/2015\/10\/24-300x160.jpg\" alt=\"2\" width=\"300\" height=\"160\" srcset=\"https:\/\/archive.sana.sy\/tr\/wp-content\/uploads\/2015\/10\/24-300x160.jpg 300w, https:\/\/archive.sana.sy\/tr\/wp-content\/uploads\/2015\/10\/24-150x80.jpg 150w, https:\/\/archive.sana.sy\/tr\/wp-content\/uploads\/2015\/10\/24.jpg 620w\" sizes=\"auto, (max-width: 300px) 100vw, 300px\" \/><\/a>Rusya\u2019n\u0131n yar\u0131\u015f\u0131 kazanmas\u0131n\u0131n ka\u00e7\u0131n\u0131lmaz oldu\u011funa dikkat \u00e7eken Muallim; bu konuda en ufak bir \u015f\u00fcphe duymad\u0131\u011f\u0131n\u0131 dile getirerek Suriye Arap Ordusu ile koordinasyon i\u00e7erisinde olmas\u0131n\u0131n Rusya\u2019n\u0131n ter\u00f6rle m\u00fccadelede ba\u015far\u0131s\u0131n\u0131 ka\u00e7\u0131n\u0131lmaz k\u0131ld\u0131\u011f\u0131n\u0131n alt\u0131n\u0131 \u00e7izdi.<\/p>\n<p>Askeri faaliyetlerde kara ve hava kuvvetleri aras\u0131nda bir koordinasyonla d\u00fczenlenen operasyonlar\u0131n ba\u015far\u0131l\u0131 sonu\u00e7land\u0131\u011f\u0131n\u0131 beyan eden Muallim, ABD\u2019nin Suriye ile hi\u00e7bir koordinasyon kurmad\u0131\u011f\u0131n\u0131, bu nedenle de bir y\u0131l i\u00e7erisinde havadan 9 bin bombard\u0131man d\u00fczenlemesine ra\u011fmen I\u015e\u0130D ter\u00f6r \u00f6rg\u00fct\u00fcn\u00fcn bu bir y\u0131l sonunda yok olmak yerine daha da g\u00fc\u00e7lenerek faaliyet a\u011f\u0131n\u0131 yayg\u0131nla\u015ft\u0131rd\u0131\u011f\u0131n\u0131 ibraz etti.<\/p>\n<p>ABD\u2019nin I\u015e\u0130D ter\u00f6r \u00f6rg\u00fct\u00fc ile ilgili ger\u00e7ek stratejisinin I\u015e\u0130D ter\u00f6r \u00f6rg\u00fct\u00fcn\u00fcyok etmek mi yoksa kapsam\u0131na almak m\u0131 oldu\u011funu sorgulayan Muallim; Rusya\u2019n\u0131n her ihtimale kar\u015f\u0131 bu stratejiyi durdurmak \u00fczere tutum geli\u015ftirdi\u011fini belirtti.<\/p>\n<p>Muallim; Rusya\u2019n\u0131n hava bombard\u0131man\u0131n\u0131n ba\u015flamas\u0131ndan iki g\u00fcn sonra direk etkilerinin g\u00f6r\u00fclmesine kar\u015f\u0131l\u0131k olarak ABD\u2019nin bir y\u0131l\u0131 a\u015fk\u0131n s\u00fcredir beklenen etkilerinin g\u00f6r\u00fclmemesinin ABD\u2019nin d\u00fczenledi\u011fi operasyonlar\u0131n etkisiz oldu\u011funun en b\u00fcy\u00fck kan\u0131t\u0131n\u0131 te\u015fkil etti\u011fini dile getirdi.<\/p>\n<p><span style=\"color: #0000ff\">ABD D\u0131\u015fi\u015fleri Bakan\u0131 \u0130le G\u00f6r\u00fc\u015fmem \u0130\u00e7in Benden Randevu Almas\u0131 Gerekiyor<\/span><\/p>\n<p><a href=\"http:\/\/sana.sy\/tr\/wp-content\/uploads\/2015\/10\/33.jpg\"><img loading=\"lazy\" decoding=\"async\" class=\"alignright wp-image-48768 size-medium\" src=\"http:\/\/sana.sy\/tr\/wp-content\/uploads\/2015\/10\/33-300x160.jpg\" alt=\"3\" width=\"300\" height=\"160\" srcset=\"https:\/\/archive.sana.sy\/tr\/wp-content\/uploads\/2015\/10\/33-300x160.jpg 300w, https:\/\/archive.sana.sy\/tr\/wp-content\/uploads\/2015\/10\/33-150x80.jpg 150w, https:\/\/archive.sana.sy\/tr\/wp-content\/uploads\/2015\/10\/33.jpg 620w\" sizes=\"auto, (max-width: 300px) 100vw, 300px\" \/><\/a>Birle\u015fmi\u015f Milletler Genel Kurul Toplant\u0131s\u0131 kapsam\u0131nda Rusya D\u0131\u015fi\u015fleri Bakan\u0131 SergeyLavrov ile toplant\u0131 yapt\u0131\u011f\u0131 s\u0131rada ABD D\u0131\u015fi\u015fleri Bakan\u0131 John Kerry\u2019nin kendisiyle g\u00f6r\u00fc\u015fmek \u00fczere ba\u015fka bir odada uzun bir s\u00fcre beklemesi ile ilgili soruya cevaben ABD D\u0131\u015fi\u015fleri Bakan\u0131n\u0131n kendisinden herhangi bir randevu almad\u0131\u011f\u0131na i\u015faret eden Muallim; Kerry ile randevusuz bir g\u00f6r\u00fc\u015fme yapamayaca\u011f\u0131n\u0131n alt\u0131n\u0131 \u00e7izdi.<\/p>\n<p>Muallim: \u201c ABD D\u0131\u015fi\u015fleri Bakan\u0131 benimle g\u00f6r\u00fc\u015fmek istiyorsa \u00f6ncesinden benden randevu almas\u0131 gerekiyor. Ben de randevuya cevap vermeden \u00f6nce ba\u011fl\u0131 oldu\u011fum y\u00f6netime isti\u015fare etmem gerekiyor. Ancak Kerrybenden herhangi bir randevu talebinde bulunmad\u0131..\u201d \u015feklinde konu\u015ftu.<\/p>\n<p>Rusya\u2019n\u0131n Suriye iktidar\u0131 ve ordusu ile koordinasyon i\u00e7erisinde Suriye\u2019de ter\u00f6re kar\u015f\u0131 ba\u015flatt\u0131\u011f\u0131 operasyonlar\u0131n Suriye halk\u0131 taraf\u0131ndan memnuniyetle kar\u015f\u0131land\u0131\u011f\u0131na i\u015faret eden Muallim; Suriye\u2019ye kar\u015f\u0131 komplo kuranlar\u0131n Rusya\u2019n\u0131n ter\u00f6re kar\u015f\u0131 operasyonlar\u0131n\u0131n ba\u015flamas\u0131 ile \u015fok olduklar\u0131n\u0131 ve paniklediklerini belirtti.<\/p>\n<p><span style=\"color: #0000ff\">Rusya BM \u0130lkeleri ve Suriye\u2019nin Ulusal Egemenli\u011fine Sayg\u0131 \u00c7er\u00e7evesinde Hareket Ediyor<\/span><\/p>\n<p>Uluslararas\u0131 G\u00fcvenlik Konseyi Daimi \u00dcyesi olan Rusya\u2019n\u0131n Suriye\u2019de ve ulusalararas\u0131 alanda BM ilkeleri ve Suriye\u2019nin ulusal ba\u011f\u0131ms\u0131zl\u0131- egemenli\u011fine sayg\u0131 \u00e7er\u00e7evesinde hareket etti\u011fine dikkat \u00e7eken Muallim; Rusya\u2019n\u0131n Suriye\u2019ye geli\u015finin Suriye iktidar\u0131 taraf\u0131ndan resmi bir talep kar\u015f\u0131l\u0131\u011f\u0131nda ger\u00e7ekle\u015fti\u011fini vurgulad\u0131.<\/p>\n<p>G\u00fcvenlik Konseyinin ge\u00e7ti\u011fimiz y\u0131l d\u00fczenledi\u011fi toplant\u0131larda Suriye\u2019de ya\u015fanan olaylarla ilgili 7. Bent kapsam\u0131nda 3 karar ald\u0131\u011f\u0131n\u0131 ancak bu kararlar\u0131n hi\u00e7bir etkisi bulunmad\u0131\u011f\u0131n\u0131 dile getiren Muallim; Suriye\u2019de ya\u015fanan olaylar\u0131n y\u00fczde 70 oran\u0131nda ter\u00f6r sorunu oldu\u011funu ve civar devletlerin G\u00fcvenlik Konseyinin s\u00f6z konusu kararlar\u0131na uymalar\u0131 halinde bu sorunun uzun zaman \u00f6ncesinden \u00e7\u00f6z\u00fcme kavu\u015fmu\u015f olaca\u011f\u0131n\u0131n alt\u0131n\u0131 \u00e7izdi.<\/p>\n<p><span style=\"color: #0000ff\">Panikleyen Devletler Suriye Halk\u0131na Kar\u015f\u0131 Kurulan Komplonun Planlay\u0131c\u0131lar\u0131 ve Akt\u00f6rleridir<\/span><\/p>\n<p>Rusya\u2019n\u0131n Suriye&#8217;de ter\u00f6re kar\u015f\u0131 operasyonlar\u0131n\u0131n ba\u015flamas\u0131yla ilgili ABD\u2019nin tutumuna ili\u015fkin sorulan soruya cevaben operasyonlardan dolay\u0131 panikleyen devletlerin Suriye ve halk\u0131na kar\u015f\u0131 komplo kuran devletler oldu\u011funa dikkat \u00e7eken Muallim; ABD, \u0130ngiltere, Fransa, T\u00fcrkiye, Suudi Arabistan ve Katar\u2019\u0131n Suriye&#8217;de be\u015f y\u0131ld\u0131r devam eden olaylar\u0131n planlay\u0131c\u0131lar\u0131 ve akt\u00f6rleri oldu\u011funu art\u0131k b\u00fct\u00fcn d\u00fcnya taraf\u0131ndan bilinen bir ger\u00e7ek oldu\u011funun alt\u0131n\u0131 \u00e7izdi.<\/p>\n<p><span style=\"color: #0000ff\">\u201cArap Bahar\u0131\u201d Ucubesinden Faydalanan Tek ve Temel Taraf \u0130srail Olu\u015fumudur<\/span><\/p>\n<p><a href=\"http:\/\/sana.sy\/tr\/wp-content\/uploads\/2015\/10\/43.jpg\"><img loading=\"lazy\" decoding=\"async\" class=\"alignright wp-image-48769 size-medium\" src=\"http:\/\/sana.sy\/tr\/wp-content\/uploads\/2015\/10\/43-300x160.jpg\" alt=\"4\" width=\"300\" height=\"160\" srcset=\"https:\/\/archive.sana.sy\/tr\/wp-content\/uploads\/2015\/10\/43-300x160.jpg 300w, https:\/\/archive.sana.sy\/tr\/wp-content\/uploads\/2015\/10\/43-150x80.jpg 150w, https:\/\/archive.sana.sy\/tr\/wp-content\/uploads\/2015\/10\/43.jpg 620w\" sizes=\"auto, (max-width: 300px) 100vw, 300px\" \/><\/a>Suriye Arap Ordusu ve b\u00f6lgede M\u0131s\u0131r ve Irak gibi esas ordular\u0131 hedef alan \u201cArap Bahar\u0131\u201d ucubesinden faydalanan tek ve temel taraf\u0131n \u0130srail olu\u015fumu oldu\u011funu ifade eden Muallim; \u0130srail\u2019in b\u00f6lgede askeri, siyasi ve ekonomik anlamda tek hegemonya olmak istedi\u011finin alt\u0131n\u0131 \u00e7izdi.<\/p>\n<p>\u0130srail\u2019in \u201cNusra Cephesi\u201d, \u201cAhrar el \u015eam\u201d, \u201c\u0130slam Ordusu\u201d ve \u201cYerm\u00fck Ordusu gibi ter\u00f6r \u00f6rg\u00fctleriyle direk ileti\u015fim i\u00e7erisinde oldu\u011fu bu \u00f6rg\u00fctlere lojistik ve askeri destek sundu\u011fu ger\u00e7e\u011finin art\u0131k herkes taraf\u0131ndan bilindi\u011fine de\u011finen Muallim; as\u0131l dikkat \u00e7ekici noktan\u0131n \u0130srail olu\u015fumunun Suriye&#8217;ye kar\u015f\u0131 Suudi Arabistan ve Katar gibi devletlerle ortak bir g\u00f6r\u00fc\u015f\u00fc payla\u015fmas\u0131 oldu\u011funu vurgulad\u0131.<\/p>\n<p><span style=\"color: #0000ff\">T\u00fcrkiye I\u015e\u0130D Ter\u00f6r \u00d6rg\u00fct\u00fcne Kar\u015f\u0131 M\u00fccadele Edilmesini \u0130stemiyor<\/span><\/p>\n<p>T\u00fcrkiye\u2019nin I\u015e\u0130D ter\u00f6r \u00f6rgt\u00fcne kar\u015f\u0131 m\u00fccadele edilmesini istemedi\u011finin alt\u0131n\u0131 \u00e7izen Muallim; T\u00fcrkiye\u2019nin daha \u00f6ncesinde Suriye h\u00fck\u00fcmetinden M\u00fcsl\u00fcman Karde\u015fler \u00f6rg\u00fct\u00fcn\u00fc iktidara ortak etmesini istedi\u011fini ve iste\u011fi kabul edilmeyince Suriye&#8217;nin kuzey kesiminde I\u015e\u0130D ve Nusra Cephesi ter\u00f6r \u00f6rg\u00fctlerine finans, silah, askeri e\u011fitim ve daha bir\u00e7ok alanda tam destek vermeye ba\u015flad\u0131\u011f\u0131n\u0131 anlatt\u0131.<\/p>\n<p><span style=\"color: #0000ff\">Ter\u00f6rle M\u00fccadele Siyasi \u00c7\u00f6z\u00fcm\u00fcn Kap\u0131s\u0131n\u0131 A\u00e7acak Tek Y\u00f6ntemdir<\/span><\/p>\n<p><span style=\"color: #000000\">\u00c7\u00f6z\u00fcm s\u00fcrecinin tamamlanmas\u0131yla ilgili hen\u00fcz bir zaman cetveli olu\u015fturulmad\u0131\u011f\u0131na de\u011finen Muallim; civar devletlerin ve \u00f6zellikle de T\u00fcrkiye ve \u00dcrd\u00fcn\u2019\u00fcn G\u00fcvenlik Konseyi taraf\u0131ndan ge\u00e7ti\u011fimiz y\u0131l al\u0131nan kararlar\u0131 uygulamas\u0131 halinde ter\u00f6rle m\u00fccadelenin \u00e7ok daha etkili ve ba\u015far\u0131l\u0131 olaca\u011f\u0131n\u0131 ifade etti.<\/span><\/p>\n<p><span style=\"color: #000000\">Civar devletlerin G\u00fcvenlik Konseyi kararlar\u0131n\u0131 uygulamamaya devam etmesi ve s\u0131n\u0131rlar\u0131n\u0131 ter\u00f6r gruplar\u0131n\u0131n hizmetine a\u00e7may\u0131 s\u00fcrd\u00fcrmesi halinde siyasi \u00e7\u00f6z\u00fcm s\u00fcrecini aksataca\u011f\u0131n\u0131n alt\u0131n\u0131 \u00e7izen Muallim; ter\u00f6rle m\u00fccadelenin siyasi \u00e7\u00f6z\u00fcm kap\u0131s\u0131n\u0131 a\u00e7acak tek y\u00f6ntem oldu\u011funu vurgulad\u0131.<\/span><\/p>\n<p>F.B. &#8211; R.H.<\/p>\n","protected":false},"excerpt":{"rendered":"<p>BEYRUT \u2013 Ba\u015fbakan Yard\u0131mc\u0131s\u0131 D\u0131\u015fi\u015fleri ve Gurbet\u00e7iler Bakan\u0131 Velid el Muallim; Rus hava g\u00fc\u00e7lerinin Suriye\u2019deki operasyonlar\u0131na aylar \u00f6nce haz\u0131rl\u0131k yap\u0131ld\u0131\u011f\u0131n\u0131 ifade ederek, hi\u00e7 kimsenin bu operasyonlar\u0131 \u015fu ana ba\u011flamas\u0131n\u0131n m\u00fcmk\u00fcn olmad\u0131\u011f\u0131n\u0131 vurgulad\u0131. D\u00fcn Meyadin Televizyonunda bir programa kat\u0131lan Muallim; Rusya\u2019n\u0131n, Irak\u2019ta, Suriye, Irak, Rusya ve \u0130ran\u2019\u0131 kapsayacak bir bili\u015fim merkezi a\u00e7maya \u00e7al\u0131\u015ft\u0131\u011f\u0131na i\u015faret ederek bu &hellip;<\/p>\n","protected":false},"author":1,"featured_media":48726,"comment_status":"closed","ping_status":"closed","sticky":false,"template":"","format":"standard","meta":{"footnotes":""},"categories":[558,556,458,459,2554,2555],"tags":[],"class_list":["post-48725","post","type-post","status-publish","format-standard","has-post-thumbnail","","category-arap-basini","category-basin","category-dunya1","category-haberler-arap-uluslararasi-politika","category-suriye-ve-dunya","category-suriye-ve-turkiye"],"_links":{"self":[{"href":"https:\/\/archive.sana.sy\/tr\/index.php?rest_route=\/wp\/v2\/posts\/48725","targetHints":{"allow":["GET"]}}],"collection":[{"href":"https:\/\/archive.sana.sy\/tr\/index.php?rest_route=\/wp\/v2\/posts"}],"about":[{"href":"https:\/\/archive.sana.sy\/tr\/index.php?rest_route=\/wp\/v2\/types\/post"}],"author":[{"embeddable":true,"href":"https:\/\/archive.sana.sy\/tr\/index.php?rest_route=\/wp\/v2\/users\/1"}],"replies":[{"embeddable":true,"href":"https:\/\/archive.sana.sy\/tr\/index.php?rest_route=%2Fwp%2Fv2%2Fcomments&post=48725"}],"version-history":[{"count":0,"href":"https:\/\/archive.sana.sy\/tr\/index.php?rest_route=\/wp\/v2\/posts\/48725\/revisions"}],"wp:featuredmedia":[{"embeddable":true,"href":"https:\/\/archive.sana.sy\/tr\/index.php?rest_route=\/wp\/v2\/media\/48726"}],"wp:attachment":[{"href":"https:\/\/archive.sana.sy\/tr\/index.php?rest_route=%2Fwp%2Fv2%2Fmedia&parent=48725"}],"wp:term":[{"taxonomy":"category","embeddable":true,"href":"https:\/\/archive.sana.sy\/tr\/index.php?rest_route=%2Fwp%2Fv2%2Fcategories&post=48725"},{"taxonomy":"post_tag","embeddable":true,"href":"https:\/\/archive.sana.sy\/tr\/index.php?rest_route=%2Fwp%2Fv2%2Ftags&post=48725"}],"curies":[{"name":"wp","href":"https:\/\/api.w.org\/{rel}","templated":true}]}}