{"id":4885,"date":"2014-07-08T13:20:03","date_gmt":"2014-07-08T10:20:03","guid":{"rendered":"http:\/\/www.sana.sy\/tr\/?p=4885"},"modified":"2014-07-09T12:27:17","modified_gmt":"2014-07-09T09:27:17","slug":"yuzlerce-kisi-silahlariyla-teslim-oldular","status":"publish","type":"post","link":"https:\/\/archive.sana.sy\/tr\/?p=4885","title":{"rendered":"Y\u00fczlerce Ki\u015fi Silahlar\u0131yla Teslim Oldular"},"content":{"rendered":"<p>\u0130LLER \u2013 \u015eam ve k\u0131rsal\u0131n\u0131n yan\u0131 s\u0131ra Homs, \u0130dlib, Deyrezzor, Lazkiye, Hama ve Haseke ilinin Kam\u0131\u015fl\u0131 B\u00f6lgesinden 278 ki\u015fi bug\u00fcn kanuni durumlar\u0131n\u0131n d\u00fczeltilmesi amac\u0131yal silahlar\u0131yla birlikte ilgili birimlere teslim oldular.<\/p>\n<p>Daha \u00f6nce de muhtelif b\u00f6lgelerden y\u00fczlerce ki\u015fi benzer ko\u015fullarda teslim olmu\u015f, elini kana bulamad\u0131klar\u0131 tespit edilenler yeniden silahl\u0131 eylemlere kat\u0131lmama taahh\u00fcd\u00fc imzalamalar\u0131 ard\u0131ndan serbest b\u0131rak\u0131larak normal ya\u015famlar\u0131na d\u00f6nm\u00fc\u015flerdi.<\/p>\n","protected":false},"excerpt":{"rendered":"<p>\u0130LLER \u2013 \u015eam ve k\u0131rsal\u0131n\u0131n yan\u0131 s\u0131ra Homs, \u0130dlib, Deyrezzor, Lazkiye, Hama ve Haseke ilinin Kam\u0131\u015fl\u0131 B\u00f6lgesinden 278 ki\u015fi bug\u00fcn kanuni durumlar\u0131n\u0131n d\u00fczeltilmesi amac\u0131yal silahlar\u0131yla birlikte ilgili birimlere teslim oldular. Daha \u00f6nce de muhtelif b\u00f6lgelerden y\u00fczlerce ki\u015fi benzer ko\u015fullarda teslim olmu\u015f, elini kana bulamad\u0131klar\u0131 tespit edilenler yeniden silahl\u0131 eylemlere kat\u0131lmama taahh\u00fcd\u00fc imzalamalar\u0131 ard\u0131ndan serbest b\u0131rak\u0131larak &hellip;<\/p>\n","protected":false},"author":1,"featured_media":4886,"comment_status":"closed","ping_status":"closed","sticky":false,"template":"","format":"standard","meta":{"footnotes":""},"categories":[575],"tags":[1065],"class_list":["post-4885","post","type-post","status-publish","format-standard","has-post-thumbnail","","category-olaylar-ve-gercekler","tag-yuzlerce-kisi-silahlariyla-teslim-oldular"],"_links":{"self":[{"href":"https:\/\/archive.sana.sy\/tr\/index.php?rest_route=\/wp\/v2\/posts\/4885","targetHints":{"allow":["GET"]}}],"collection":[{"href":"https:\/\/archive.sana.sy\/tr\/index.php?rest_route=\/wp\/v2\/posts"}],"about":[{"href":"https:\/\/archive.sana.sy\/tr\/index.php?rest_route=\/wp\/v2\/types\/post"}],"author":[{"embeddable":true,"href":"https:\/\/archive.sana.sy\/tr\/index.php?rest_route=\/wp\/v2\/users\/1"}],"replies":[{"embeddable":true,"href":"https:\/\/archive.sana.sy\/tr\/index.php?rest_route=%2Fwp%2Fv2%2Fcomments&post=4885"}],"version-history":[{"count":0,"href":"https:\/\/archive.sana.sy\/tr\/index.php?rest_route=\/wp\/v2\/posts\/4885\/revisions"}],"wp:featuredmedia":[{"embeddable":true,"href":"https:\/\/archive.sana.sy\/tr\/index.php?rest_route=\/wp\/v2\/media\/4886"}],"wp:attachment":[{"href":"https:\/\/archive.sana.sy\/tr\/index.php?rest_route=%2Fwp%2Fv2%2Fmedia&parent=4885"}],"wp:term":[{"taxonomy":"category","embeddable":true,"href":"https:\/\/archive.sana.sy\/tr\/index.php?rest_route=%2Fwp%2Fv2%2Fcategories&post=4885"},{"taxonomy":"post_tag","embeddable":true,"href":"https:\/\/archive.sana.sy\/tr\/index.php?rest_route=%2Fwp%2Fv2%2Ftags&post=4885"}],"curies":[{"name":"wp","href":"https:\/\/api.w.org\/{rel}","templated":true}]}}