{"id":48935,"date":"2015-10-08T13:25:29","date_gmt":"2015-10-08T10:25:29","guid":{"rendered":"http:\/\/sana.sy\/tr\/?p=48935"},"modified":"2015-10-09T19:20:21","modified_gmt":"2015-10-09T16:20:21","slug":"ordu-birliklerimiz-genis-kapsamli-operasyonlar-baslatti","status":"publish","type":"post","link":"https:\/\/archive.sana.sy\/tr\/?p=48935","title":{"rendered":"Ordu Birliklerimiz Geni\u015f Kapsaml\u0131 Operasyonlar Ba\u015flatt\u0131"},"content":{"rendered":"<p>LAZK\u0130YE \u2013 Genelkurmay Ba\u015fkan\u0131 Korgeneral Ali Abdullah Ey\u00fcp; Rus hava g\u00fc\u00e7lerinin Suriye hava g\u00fc\u00e7lerinin i\u015fbirli\u011fi ile bulundu\u011fu operasyonlar ve I\u015e\u0130D\u2019in yan\u0131 s\u0131ra di\u011fer ter\u00f6r \u00f6rg\u00fctlerinin a\u011f\u0131r darbeler alt\u0131nda g\u00fc\u00e7lerini kaybetmeleri ard\u0131ndan Suriye ordusunun askeri atak g\u00fcc\u00fcn\u00fc koruyup en \u00f6nemlisi D\u00f6rd\u00fcnc\u00fc Kolordu olmak \u00fczere geli\u015fmi\u015f silahlarla donat\u0131lm\u0131\u015f be\u015feri g\u00fc\u00e7ler te\u015fkil etti\u011fini belirtti.<\/p>\n<p>Genelkurmay Ba\u015fkan\u0131 Korgeneral Ey\u00fcp sald\u0131r\u0131 ve bask\u0131n operasyonlar\u0131nda uzman bu g\u00fc\u00e7lerle birlikte Suriye ordusunun bug\u00fcn; kimi devletlerin destekledikleri ter\u00f6r \u00f6rg\u00fctlerin eylemlerinden b\u00fcy\u00fck ac\u0131lar ya\u015fayan b\u00f6lgelerin ter\u00f6rden temizlenmeleri i\u00e7in geni\u015f kapsaml\u0131 operasyonlar ba\u015flat\u0131ld\u0131\u011f\u0131n\u0131 vurgulad\u0131.<\/p>\n<p>https:\/\/www.youtube.com\/watch?v=C05jU33ndR0<\/p>\n","protected":false},"excerpt":{"rendered":"<p>LAZK\u0130YE \u2013 Genelkurmay Ba\u015fkan\u0131 Korgeneral Ali Abdullah Ey\u00fcp; Rus hava g\u00fc\u00e7lerinin Suriye hava g\u00fc\u00e7lerinin i\u015fbirli\u011fi ile bulundu\u011fu operasyonlar ve I\u015e\u0130D\u2019in yan\u0131 s\u0131ra di\u011fer ter\u00f6r \u00f6rg\u00fctlerinin a\u011f\u0131r darbeler alt\u0131nda g\u00fc\u00e7lerini kaybetmeleri ard\u0131ndan Suriye ordusunun askeri atak g\u00fcc\u00fcn\u00fc koruyup en \u00f6nemlisi D\u00f6rd\u00fcnc\u00fc Kolordu olmak \u00fczere geli\u015fmi\u015f silahlarla donat\u0131lm\u0131\u015f be\u015feri g\u00fc\u00e7ler te\u015fkil etti\u011fini belirtti. Genelkurmay Ba\u015fkan\u0131 Korgeneral Ey\u00fcp &hellip;<\/p>\n","protected":false},"author":1,"featured_media":48936,"comment_status":"closed","ping_status":"closed","sticky":false,"template":"","format":"standard","meta":{"footnotes":""},"categories":[479,575,478],"tags":[],"class_list":["post-48935","post","type-post","status-publish","format-standard","has-post-thumbnail","","category-haberler-yerel","category-olaylar-ve-gercekler","category-yerel"],"_links":{"self":[{"href":"https:\/\/archive.sana.sy\/tr\/index.php?rest_route=\/wp\/v2\/posts\/48935","targetHints":{"allow":["GET"]}}],"collection":[{"href":"https:\/\/archive.sana.sy\/tr\/index.php?rest_route=\/wp\/v2\/posts"}],"about":[{"href":"https:\/\/archive.sana.sy\/tr\/index.php?rest_route=\/wp\/v2\/types\/post"}],"author":[{"embeddable":true,"href":"https:\/\/archive.sana.sy\/tr\/index.php?rest_route=\/wp\/v2\/users\/1"}],"replies":[{"embeddable":true,"href":"https:\/\/archive.sana.sy\/tr\/index.php?rest_route=%2Fwp%2Fv2%2Fcomments&post=48935"}],"version-history":[{"count":0,"href":"https:\/\/archive.sana.sy\/tr\/index.php?rest_route=\/wp\/v2\/posts\/48935\/revisions"}],"wp:featuredmedia":[{"embeddable":true,"href":"https:\/\/archive.sana.sy\/tr\/index.php?rest_route=\/wp\/v2\/media\/48936"}],"wp:attachment":[{"href":"https:\/\/archive.sana.sy\/tr\/index.php?rest_route=%2Fwp%2Fv2%2Fmedia&parent=48935"}],"wp:term":[{"taxonomy":"category","embeddable":true,"href":"https:\/\/archive.sana.sy\/tr\/index.php?rest_route=%2Fwp%2Fv2%2Fcategories&post=48935"},{"taxonomy":"post_tag","embeddable":true,"href":"https:\/\/archive.sana.sy\/tr\/index.php?rest_route=%2Fwp%2Fv2%2Ftags&post=48935"}],"curies":[{"name":"wp","href":"https:\/\/api.w.org\/{rel}","templated":true}]}}