{"id":4894,"date":"2014-07-08T14:04:31","date_gmt":"2014-07-08T11:04:31","guid":{"rendered":"http:\/\/www.sana.sy\/tr\/?p=4894"},"modified":"2014-07-09T20:54:16","modified_gmt":"2014-07-09T17:54:16","slug":"kabine-sosyal-sigortalar-kanun-tasarisini-onayladi","status":"publish","type":"post","link":"https:\/\/archive.sana.sy\/tr\/?p=4894","title":{"rendered":"Kabine Sosyal Sigortalar Kanun Tasar\u0131s\u0131n\u0131 Onaylad\u0131"},"content":{"rendered":"<p>\u015eAM \u2013 Ba\u015fbakan Vail el Halaki ba\u015fkanl\u0131\u011f\u0131nda bug\u00fcn haftal\u0131k oturumunu d\u00fczenleyen kabine; 1959\/92 say\u0131l\u0131 sosyal sigortalar kanunu ve d\u00fczenlemelerinin yeniden d\u00fczeltilmesini \u00f6ng\u00f6re kanun tasar\u0131s\u0131n\u0131 onaylad\u0131.<\/p>\n<p><a href=\"http:\/\/www.sana.sy\/tr\/wp-content\/uploads\/2014\/07\/h\u00fck\u00fcmet-2.jpg\"><img loading=\"lazy\" decoding=\"async\" class=\"alignright wp-image-4896 size-medium\" src=\"http:\/\/www.sana.sy\/tr\/wp-content\/uploads\/2014\/07\/h\u00fck\u00fcmet-2-300x159.jpg\" alt=\"h\u00fck\u00fcmet 2\" width=\"300\" height=\"159\" srcset=\"https:\/\/archive.sana.sy\/tr\/wp-content\/uploads\/2014\/07\/h\u00fck\u00fcmet-2-300x160.jpg 300w, https:\/\/archive.sana.sy\/tr\/wp-content\/uploads\/2014\/07\/h\u00fck\u00fcmet-2-150x79.jpg 150w, https:\/\/archive.sana.sy\/tr\/wp-content\/uploads\/2014\/07\/h\u00fck\u00fcmet-2.jpg 620w\" sizes=\"auto, (max-width: 300px) 100vw, 300px\" \/><\/a>Ekonomi ve Be\u015feri Kalk\u0131nma komitelerinin onay\u0131n\u0131 alan s\u00f6z konusu kanun tasar\u0131s\u0131; sosyal sigortalar kurumlar\u0131n\u0131n kar\u015f\u0131la\u015ft\u0131klar\u0131 sorunlar\u0131 kald\u0131rma ve sosyal sigortalar hizmetlerini nitelik ve nicelik a\u00e7\u0131s\u0131ndan iyile\u015ftirmeyi ama\u00e7l\u0131yor.Ard\u0131ndan oturum g\u00fcndeminin tart\u0131\u015f\u0131ld\u0131\u011f\u0131 oturumda konu\u015fan Ba\u015fbakan Halaki; h\u00fck\u00fcmetin \u00e7al\u0131\u015fmalar\u0131nda kamu ve \u00f6zel \u015f\u0131klar\u0131yla sanayi sekt\u00f6r\u00fcn\u00fcn kalk\u0131nd\u0131r\u0131lmas\u0131na b\u00fcy\u00fck bir \u00f6nem verdi\u011fini vurgulad\u0131.<\/p>\n<p>Halep\u2019te \u015eeyh Neccar Organize Sanayi B\u00f6lgesinin ter\u00f6r \u00e7etelerinden temizlenmesinin sanayi b\u00f6lgelerinin aktifle\u015ftirilmesine start olaca\u011f\u0131n\u0131 ifade eden Halaki; g\u00fcvenli\u011fin sa\u011fland\u0131\u011f\u0131 b\u00f6lgede t\u00fcm hizmetlerin en k\u0131sa zamanda temin edilmesi ve onar\u0131m \u00e7al\u0131\u015fmalar\u0131n\u0131n h\u0131zland\u0131r\u0131lmas\u0131 talimatlar\u0131 verdi.<\/p>\n<p>Halaki ekonomi ve hizmet durumlar\u0131n\u0131n iyile\u015ftirilmesi konusunda ise kabinenin bu ba\u011flamda harcad\u0131\u011f\u0131 \u00e7abalara \u0131\u015f\u0131k tutarak, vatanda\u015flar\u0131n ihtiya\u00e7lar\u0131n\u0131n kar\u015f\u0131lanmas\u0131 ve ekonominin iyile\u015ftirilmesi y\u00f6n\u00fcnde ek icraatlar al\u0131naca\u011f\u0131n\u0131 a\u00e7\u0131klad\u0131.<\/p>\n","protected":false},"excerpt":{"rendered":"<p>\u015eAM \u2013 Ba\u015fbakan Vail el Halaki ba\u015fkanl\u0131\u011f\u0131nda bug\u00fcn haftal\u0131k oturumunu d\u00fczenleyen kabine; 1959\/92 say\u0131l\u0131 sosyal sigortalar kanunu ve d\u00fczenlemelerinin yeniden d\u00fczeltilmesini \u00f6ng\u00f6re kanun tasar\u0131s\u0131n\u0131 onaylad\u0131. Ekonomi ve Be\u015feri Kalk\u0131nma komitelerinin onay\u0131n\u0131 alan s\u00f6z konusu kanun tasar\u0131s\u0131; sosyal sigortalar kurumlar\u0131n\u0131n kar\u015f\u0131la\u015ft\u0131klar\u0131 sorunlar\u0131 kald\u0131rma ve sosyal sigortalar hizmetlerini nitelik ve nicelik a\u00e7\u0131s\u0131ndan iyile\u015ftirmeyi ama\u00e7l\u0131yor.Ard\u0131ndan oturum g\u00fcndeminin tart\u0131\u015f\u0131ld\u0131\u011f\u0131 &hellip;<\/p>\n","protected":false},"author":1,"featured_media":4895,"comment_status":"closed","ping_status":"closed","sticky":false,"template":"","format":"standard","meta":{"footnotes":""},"categories":[479,447,478],"tags":[1068],"class_list":["post-4894","post","type-post","status-publish","format-standard","has-post-thumbnail","","category-haberler-yerel","category-politika","category-yerel","tag-kabine-sosyal-sigortalar-kanun-tasarisini-onayladi"],"_links":{"self":[{"href":"https:\/\/archive.sana.sy\/tr\/index.php?rest_route=\/wp\/v2\/posts\/4894","targetHints":{"allow":["GET"]}}],"collection":[{"href":"https:\/\/archive.sana.sy\/tr\/index.php?rest_route=\/wp\/v2\/posts"}],"about":[{"href":"https:\/\/archive.sana.sy\/tr\/index.php?rest_route=\/wp\/v2\/types\/post"}],"author":[{"embeddable":true,"href":"https:\/\/archive.sana.sy\/tr\/index.php?rest_route=\/wp\/v2\/users\/1"}],"replies":[{"embeddable":true,"href":"https:\/\/archive.sana.sy\/tr\/index.php?rest_route=%2Fwp%2Fv2%2Fcomments&post=4894"}],"version-history":[{"count":0,"href":"https:\/\/archive.sana.sy\/tr\/index.php?rest_route=\/wp\/v2\/posts\/4894\/revisions"}],"wp:featuredmedia":[{"embeddable":true,"href":"https:\/\/archive.sana.sy\/tr\/index.php?rest_route=\/wp\/v2\/media\/4895"}],"wp:attachment":[{"href":"https:\/\/archive.sana.sy\/tr\/index.php?rest_route=%2Fwp%2Fv2%2Fmedia&parent=4894"}],"wp:term":[{"taxonomy":"category","embeddable":true,"href":"https:\/\/archive.sana.sy\/tr\/index.php?rest_route=%2Fwp%2Fv2%2Fcategories&post=4894"},{"taxonomy":"post_tag","embeddable":true,"href":"https:\/\/archive.sana.sy\/tr\/index.php?rest_route=%2Fwp%2Fv2%2Ftags&post=4894"}],"curies":[{"name":"wp","href":"https:\/\/api.w.org\/{rel}","templated":true}]}}