{"id":48941,"date":"2015-10-08T09:25:39","date_gmt":"2015-10-08T06:25:39","guid":{"rendered":"http:\/\/sana.sy\/tr\/?p=48941"},"modified":"2015-10-08T13:38:50","modified_gmt":"2015-10-08T10:38:50","slug":"kaynak-iki-dost-ucaklarinin-halep-kirsali-anedan-etarib-deyr-hafir-ve-bab-bolgelerine-ek-olarak-musavvaranin-batisinda-iside-ait-zirhli-veya-agir-silahlarla-donatilmis-onlarca-arac","status":"publish","type":"post","link":"https:\/\/archive.sana.sy\/tr\/?p=48941","title":{"rendered":"Kaynak iki dost u\u00e7aklar\u0131n\u0131n Halep k\u0131rsal\u0131 Anedan, Etarib, Deyr Hafir ve Bab b\u00f6lgelerine ek olarak Musavvara\u2019n\u0131n bat\u0131s\u0131nda I\u015e\u0130D\u2019e ait z\u0131rhl\u0131 veya a\u011f\u0131r silahlarla donat\u0131lm\u0131\u015f onlarca arac\u0131, iki grad tipi f\u00fcze bataryas\u0131 ve b\u00fcy\u00fck bir cephane depolar\u0131n\u0131 imha ettiklerini aktard\u0131."},"content":{"rendered":"<p>Kaynak iki dost u\u00e7aklar\u0131n\u0131n Halep k\u0131rsal\u0131 Anedan, Etarib, Deyr Hafir ve Bab b\u00f6lgelerine ek olarak Musavvara\u2019n\u0131n bat\u0131s\u0131nda I\u015e\u0130D\u2019e ait z\u0131rhl\u0131 veya a\u011f\u0131r silahlarla donat\u0131lm\u0131\u015f onlarca arac\u0131, iki grad tipi f\u00fcze bataryas\u0131 ve b\u00fcy\u00fck bir cephane depolar\u0131n\u0131 imha ettiklerini aktard\u0131.<\/p>\n","protected":false},"excerpt":{"rendered":"<p>Kaynak iki dost u\u00e7aklar\u0131n\u0131n Halep k\u0131rsal\u0131 Anedan, Etarib, Deyr Hafir ve Bab b\u00f6lgelerine ek olarak Musavvara\u2019n\u0131n bat\u0131s\u0131nda I\u015e\u0130D\u2019e ait z\u0131rhl\u0131 veya a\u011f\u0131r silahlarla donat\u0131lm\u0131\u015f onlarca arac\u0131, iki grad tipi f\u00fcze bataryas\u0131 ve b\u00fcy\u00fck bir cephane depolar\u0131n\u0131 imha ettiklerini aktard\u0131.<\/p>\n","protected":false},"author":1,"featured_media":0,"comment_status":"closed","ping_status":"closed","sticky":false,"template":"","format":"standard","meta":{"footnotes":""},"categories":[1],"tags":[],"class_list":["post-48941","post","type-post","status-publish","format-standard","","category-news-not-sorted"],"_links":{"self":[{"href":"https:\/\/archive.sana.sy\/tr\/index.php?rest_route=\/wp\/v2\/posts\/48941","targetHints":{"allow":["GET"]}}],"collection":[{"href":"https:\/\/archive.sana.sy\/tr\/index.php?rest_route=\/wp\/v2\/posts"}],"about":[{"href":"https:\/\/archive.sana.sy\/tr\/index.php?rest_route=\/wp\/v2\/types\/post"}],"author":[{"embeddable":true,"href":"https:\/\/archive.sana.sy\/tr\/index.php?rest_route=\/wp\/v2\/users\/1"}],"replies":[{"embeddable":true,"href":"https:\/\/archive.sana.sy\/tr\/index.php?rest_route=%2Fwp%2Fv2%2Fcomments&post=48941"}],"version-history":[{"count":0,"href":"https:\/\/archive.sana.sy\/tr\/index.php?rest_route=\/wp\/v2\/posts\/48941\/revisions"}],"wp:attachment":[{"href":"https:\/\/archive.sana.sy\/tr\/index.php?rest_route=%2Fwp%2Fv2%2Fmedia&parent=48941"}],"wp:term":[{"taxonomy":"category","embeddable":true,"href":"https:\/\/archive.sana.sy\/tr\/index.php?rest_route=%2Fwp%2Fv2%2Fcategories&post=48941"},{"taxonomy":"post_tag","embeddable":true,"href":"https:\/\/archive.sana.sy\/tr\/index.php?rest_route=%2Fwp%2Fv2%2Ftags&post=48941"}],"curies":[{"name":"wp","href":"https:\/\/api.w.org\/{rel}","templated":true}]}}