{"id":48943,"date":"2015-10-08T09:38:23","date_gmt":"2015-10-08T06:38:23","guid":{"rendered":"http:\/\/sana.sy\/tr\/?p=48943"},"modified":"2015-10-08T13:39:17","modified_gmt":"2015-10-08T10:39:17","slug":"genelkurmay-baskani-korgeneral-ali-abdullah-eyup-rus-hava-guclerinin-suriye-hava-guclerinin-isbirligi-ile-bulundugu-operasyonlar-ve-isidin-yani-sira-diger-teror-orgutlerinin-agir-darbeler-al","status":"publish","type":"post","link":"https:\/\/archive.sana.sy\/tr\/?p=48943","title":{"rendered":"Genelkurmay Ba\u015fkan\u0131 Korgeneral Ali Abdullah Ey\u00fcp; Rus hava g\u00fc\u00e7lerinin Suriye hava g\u00fc\u00e7lerinin i\u015fbirli\u011fi ile bulundu\u011fu operasyonlar ve I\u015e\u0130D\u2019in yan\u0131 s\u0131ra di\u011fer ter\u00f6r \u00f6rg\u00fctlerinin a\u011f\u0131r darbeler alt\u0131nda g\u00fc\u00e7lerini kaybetmeleri ard\u0131ndan Suriye ordusunun askeri atak g\u00fcc\u00fcn\u00fc koruyup en \u00f6nemlisi D\u00f6rd\u00fcnc\u00fc Kolordu olmak \u00fczere geli\u015fmi\u015f silahlarla donat\u0131lm\u0131\u015f be\u015feri g\u00fc\u00e7ler te\u015fkil etti\u011fini belirtti."},"content":{"rendered":"<p>Genelkurmay Ba\u015fkan\u0131 Korgeneral Ali Abdullah Ey\u00fcp; Rus hava g\u00fc\u00e7lerinin Suriye hava g\u00fc\u00e7lerinin i\u015fbirli\u011fi ile bulundu\u011fu operasyonlar ve I\u015e\u0130D\u2019in yan\u0131 s\u0131ra di\u011fer ter\u00f6r \u00f6rg\u00fctlerinin a\u011f\u0131r darbeler alt\u0131nda g\u00fc\u00e7lerini kaybetmeleri ard\u0131ndan Suriye ordusunun askeri atak g\u00fcc\u00fcn\u00fc koruyup en \u00f6nemlisi D\u00f6rd\u00fcnc\u00fc Kolordu olmak \u00fczere geli\u015fmi\u015f silahlarla donat\u0131lm\u0131\u015f be\u015feri g\u00fc\u00e7ler te\u015fkil etti\u011fini belirtti.<\/p>\n","protected":false},"excerpt":{"rendered":"<p>Genelkurmay Ba\u015fkan\u0131 Korgeneral Ali Abdullah Ey\u00fcp; Rus hava g\u00fc\u00e7lerinin Suriye hava g\u00fc\u00e7lerinin i\u015fbirli\u011fi ile bulundu\u011fu operasyonlar ve I\u015e\u0130D\u2019in yan\u0131 s\u0131ra di\u011fer ter\u00f6r \u00f6rg\u00fctlerinin a\u011f\u0131r darbeler alt\u0131nda g\u00fc\u00e7lerini kaybetmeleri ard\u0131ndan Suriye ordusunun askeri atak g\u00fcc\u00fcn\u00fc koruyup en \u00f6nemlisi D\u00f6rd\u00fcnc\u00fc Kolordu olmak \u00fczere geli\u015fmi\u015f silahlarla donat\u0131lm\u0131\u015f be\u015feri g\u00fc\u00e7ler te\u015fkil etti\u011fini belirtti.<\/p>\n","protected":false},"author":1,"featured_media":0,"comment_status":"closed","ping_status":"closed","sticky":false,"template":"","format":"standard","meta":{"footnotes":""},"categories":[1],"tags":[],"class_list":["post-48943","post","type-post","status-publish","format-standard","","category-news-not-sorted"],"_links":{"self":[{"href":"https:\/\/archive.sana.sy\/tr\/index.php?rest_route=\/wp\/v2\/posts\/48943","targetHints":{"allow":["GET"]}}],"collection":[{"href":"https:\/\/archive.sana.sy\/tr\/index.php?rest_route=\/wp\/v2\/posts"}],"about":[{"href":"https:\/\/archive.sana.sy\/tr\/index.php?rest_route=\/wp\/v2\/types\/post"}],"author":[{"embeddable":true,"href":"https:\/\/archive.sana.sy\/tr\/index.php?rest_route=\/wp\/v2\/users\/1"}],"replies":[{"embeddable":true,"href":"https:\/\/archive.sana.sy\/tr\/index.php?rest_route=%2Fwp%2Fv2%2Fcomments&post=48943"}],"version-history":[{"count":0,"href":"https:\/\/archive.sana.sy\/tr\/index.php?rest_route=\/wp\/v2\/posts\/48943\/revisions"}],"wp:attachment":[{"href":"https:\/\/archive.sana.sy\/tr\/index.php?rest_route=%2Fwp%2Fv2%2Fmedia&parent=48943"}],"wp:term":[{"taxonomy":"category","embeddable":true,"href":"https:\/\/archive.sana.sy\/tr\/index.php?rest_route=%2Fwp%2Fv2%2Fcategories&post=48943"},{"taxonomy":"post_tag","embeddable":true,"href":"https:\/\/archive.sana.sy\/tr\/index.php?rest_route=%2Fwp%2Fv2%2Ftags&post=48943"}],"curies":[{"name":"wp","href":"https:\/\/api.w.org\/{rel}","templated":true}]}}