{"id":48946,"date":"2015-10-08T12:39:32","date_gmt":"2015-10-08T09:39:32","guid":{"rendered":"http:\/\/sana.sy\/tr\/?p=48946"},"modified":"2015-10-08T14:02:35","modified_gmt":"2015-10-08T11:02:35","slug":"lazkiye-kirsalinda-turkiyede-akp-rejimi-ve-resmi-olmayan-daha-baska-taraflarin-destegi-ile-faaliyet-gosteren-teror-orgutlerinin-rebia-nahiyesinde-hazirlamaya-calistiklari-bombali-arac-ellerinde-patl","status":"publish","type":"post","link":"https:\/\/archive.sana.sy\/tr\/?p=48946","title":{"rendered":"Lazkiye k\u0131rsal\u0131nda T\u00fcrkiye&#8217;de AKP rejimi ve resmi olmayan daha ba\u015fka taraflar\u0131n deste\u011fi ile faaliyet g\u00f6steren ter\u00f6r \u00f6rg\u00fctlerinin Rebia Nahiyesinde haz\u0131rlamaya \u00e7al\u0131\u015ft\u0131klar\u0131 bombal\u0131 ara\u00e7 ellerinde patlad\u0131."},"content":{"rendered":"<p>Lazkiye k\u0131rsal\u0131nda T\u00fcrkiye&#8217;de AKP rejimi ve resmi olmayan daha ba\u015fka taraflar\u0131n deste\u011fi ile faaliyet g\u00f6steren ter\u00f6r \u00f6rg\u00fctlerinin Rebia Nahiyesinde haz\u0131rlamaya \u00e7al\u0131\u015ft\u0131klar\u0131 bombal\u0131 ara\u00e7 ellerinde patlad\u0131.<\/p>\n","protected":false},"excerpt":{"rendered":"<p>Lazkiye k\u0131rsal\u0131nda T\u00fcrkiye&#8217;de AKP rejimi ve resmi olmayan daha ba\u015fka taraflar\u0131n deste\u011fi ile faaliyet g\u00f6steren ter\u00f6r \u00f6rg\u00fctlerinin Rebia Nahiyesinde haz\u0131rlamaya \u00e7al\u0131\u015ft\u0131klar\u0131 bombal\u0131 ara\u00e7 ellerinde patlad\u0131.<\/p>\n","protected":false},"author":1,"featured_media":0,"comment_status":"closed","ping_status":"closed","sticky":false,"template":"","format":"standard","meta":{"footnotes":""},"categories":[1],"tags":[],"class_list":["post-48946","post","type-post","status-publish","format-standard","","category-news-not-sorted"],"_links":{"self":[{"href":"https:\/\/archive.sana.sy\/tr\/index.php?rest_route=\/wp\/v2\/posts\/48946","targetHints":{"allow":["GET"]}}],"collection":[{"href":"https:\/\/archive.sana.sy\/tr\/index.php?rest_route=\/wp\/v2\/posts"}],"about":[{"href":"https:\/\/archive.sana.sy\/tr\/index.php?rest_route=\/wp\/v2\/types\/post"}],"author":[{"embeddable":true,"href":"https:\/\/archive.sana.sy\/tr\/index.php?rest_route=\/wp\/v2\/users\/1"}],"replies":[{"embeddable":true,"href":"https:\/\/archive.sana.sy\/tr\/index.php?rest_route=%2Fwp%2Fv2%2Fcomments&post=48946"}],"version-history":[{"count":0,"href":"https:\/\/archive.sana.sy\/tr\/index.php?rest_route=\/wp\/v2\/posts\/48946\/revisions"}],"wp:attachment":[{"href":"https:\/\/archive.sana.sy\/tr\/index.php?rest_route=%2Fwp%2Fv2%2Fmedia&parent=48946"}],"wp:term":[{"taxonomy":"category","embeddable":true,"href":"https:\/\/archive.sana.sy\/tr\/index.php?rest_route=%2Fwp%2Fv2%2Fcategories&post=48946"},{"taxonomy":"post_tag","embeddable":true,"href":"https:\/\/archive.sana.sy\/tr\/index.php?rest_route=%2Fwp%2Fv2%2Ftags&post=48946"}],"curies":[{"name":"wp","href":"https:\/\/api.w.org\/{rel}","templated":true}]}}