{"id":48978,"date":"2015-10-08T15:04:34","date_gmt":"2015-10-08T12:04:34","guid":{"rendered":"http:\/\/sana.sy\/tr\/?p=48978"},"modified":"2015-10-08T15:05:25","modified_gmt":"2015-10-08T12:05:25","slug":"basbakan-vail-el-halaki-cumhurbaskani-bessar-el-esadin-yonlendirmeleri-dogrultusunda-bugun-homs-ilinde-yeni-hizmet-ve-ekonomi-planlarinin-temel-tasini-atti-ekim-kurtulus-savasinin-42-yildon","status":"publish","type":"post","link":"https:\/\/archive.sana.sy\/tr\/?p=48978","title":{"rendered":"Ba\u015fbakan Vail el Halaki Cumhurba\u015fkan\u0131 Be\u015f\u015far el Esad\u2019\u0131n y\u00f6nlendirmeleri do\u011frultusunda bug\u00fcn Homs \u0130linde yeni hizmet ve ekonomi planlar\u0131n\u0131n temel ta\u015f\u0131n\u0131 att\u0131. Ekim Kurtulu\u015f Sava\u015f\u0131n\u0131n 42. Y\u0131ld\u00f6n\u00fcm\u00fc m\u00fcnasebetiyle temel ta\u015flar\u0131 at\u0131lan projelerin toplam maliyetinin 7 milyar 250 milyon lira oldu\u011fu bildirildi."},"content":{"rendered":"<p>Ba\u015fbakan Vail el Halaki Cumhurba\u015fkan\u0131 Be\u015f\u015far el Esad\u2019\u0131n y\u00f6nlendirmeleri do\u011frultusunda bug\u00fcn Homs \u0130linde yeni hizmet ve ekonomi planlar\u0131n\u0131n temel ta\u015f\u0131n\u0131 att\u0131. Ekim Kurtulu\u015f Sava\u015f\u0131n\u0131n 42. Y\u0131ld\u00f6n\u00fcm\u00fc m\u00fcnasebetiyle temel ta\u015flar\u0131 at\u0131lan projelerin toplam maliyetinin 7 milyar 250 milyon lira oldu\u011fu bildirildi.<\/p>\n","protected":false},"excerpt":{"rendered":"<p>Ba\u015fbakan Vail el Halaki Cumhurba\u015fkan\u0131 Be\u015f\u015far el Esad\u2019\u0131n y\u00f6nlendirmeleri do\u011frultusunda bug\u00fcn Homs \u0130linde yeni hizmet ve ekonomi planlar\u0131n\u0131n temel ta\u015f\u0131n\u0131 att\u0131. Ekim Kurtulu\u015f Sava\u015f\u0131n\u0131n 42. Y\u0131ld\u00f6n\u00fcm\u00fc m\u00fcnasebetiyle temel ta\u015flar\u0131 at\u0131lan projelerin toplam maliyetinin 7 milyar 250 milyon lira oldu\u011fu bildirildi.<\/p>\n","protected":false},"author":1,"featured_media":0,"comment_status":"closed","ping_status":"closed","sticky":false,"template":"","format":"standard","meta":{"footnotes":""},"categories":[1],"tags":[],"class_list":["post-48978","post","type-post","status-publish","format-standard","","category-news-not-sorted"],"_links":{"self":[{"href":"https:\/\/archive.sana.sy\/tr\/index.php?rest_route=\/wp\/v2\/posts\/48978","targetHints":{"allow":["GET"]}}],"collection":[{"href":"https:\/\/archive.sana.sy\/tr\/index.php?rest_route=\/wp\/v2\/posts"}],"about":[{"href":"https:\/\/archive.sana.sy\/tr\/index.php?rest_route=\/wp\/v2\/types\/post"}],"author":[{"embeddable":true,"href":"https:\/\/archive.sana.sy\/tr\/index.php?rest_route=\/wp\/v2\/users\/1"}],"replies":[{"embeddable":true,"href":"https:\/\/archive.sana.sy\/tr\/index.php?rest_route=%2Fwp%2Fv2%2Fcomments&post=48978"}],"version-history":[{"count":0,"href":"https:\/\/archive.sana.sy\/tr\/index.php?rest_route=\/wp\/v2\/posts\/48978\/revisions"}],"wp:attachment":[{"href":"https:\/\/archive.sana.sy\/tr\/index.php?rest_route=%2Fwp%2Fv2%2Fmedia&parent=48978"}],"wp:term":[{"taxonomy":"category","embeddable":true,"href":"https:\/\/archive.sana.sy\/tr\/index.php?rest_route=%2Fwp%2Fv2%2Fcategories&post=48978"},{"taxonomy":"post_tag","embeddable":true,"href":"https:\/\/archive.sana.sy\/tr\/index.php?rest_route=%2Fwp%2Fv2%2Ftags&post=48978"}],"curies":[{"name":"wp","href":"https:\/\/api.w.org\/{rel}","templated":true}]}}