{"id":48981,"date":"2015-10-08T13:05:12","date_gmt":"2015-10-08T10:05:12","guid":{"rendered":"http:\/\/sana.sy\/tr\/?p=48981"},"modified":"2015-10-09T19:20:05","modified_gmt":"2015-10-09T16:20:05","slug":"homsta-725-milyar-lira-maliyetinde-yeni-projelerin-temeli-atildi","status":"publish","type":"post","link":"https:\/\/archive.sana.sy\/tr\/?p=48981","title":{"rendered":"Homs\u2019ta 7,25 Milyar Lira Maliyetinde Yeni Projelerin Temeli At\u0131ld\u0131"},"content":{"rendered":"<p>HOMS \u2013 Ba\u015fbakan Vail el Halaki Cumhurba\u015fkan\u0131 Be\u015f\u015far el Esad\u2019\u0131n y\u00f6nlendirmeleri do\u011frultusunda bug\u00fcn Homs \u0130linde yeni hizmet ve ekonomi planlar\u0131n\u0131n temel ta\u015f\u0131n\u0131 att\u0131.<\/p>\n<p>Ekim Kurtulu\u015f Sava\u015f\u0131n\u0131n 42. Y\u0131ld\u00f6n\u00fcm\u00fc m\u00fcnasebetiyle temel ta\u015flar\u0131 at\u0131lan projelerin toplam maliyetinin 7 milyar 250 milyon lira oldu\u011fu bildirildi.<\/p>\n<p>Muhtelif b\u00f6lgelerde in\u015faat\u0131 tamamlanan ve sahiplerine teslimi beklenen yakla\u015f\u0131k 500 dairenin in\u015fa kalitesini inceleyen Ba\u015fbakan Halaki; yeni konut projelerinin de temel ta\u015f\u0131n\u0131 att\u0131.<\/p>\n<p>Ba\u015fbakan Halaki Baas \u00dcniversitesi T\u0131p Fak\u00fcltesine ait olarak 185 hasta yata\u011f\u0131 ve 4 ameliyat odas\u0131 kapasiteli \u00fcniversite hastanesinin de temel ta\u015f\u0131n\u0131 att\u0131.<\/p>\n<p>Gazetecilere a\u00e7\u0131klamas\u0131nda Ba\u015fbakan Halaki; Homs\u2019ta temel ta\u015flar\u0131 at\u0131lan bu projelerin; Suriye ve halk\u0131n\u0131n ter\u00f6r ve destek\u00e7ilerine kar\u015f\u0131 m\u00fccadele kararl\u0131l\u0131klar\u0131n\u0131 kan\u0131tlad\u0131\u011f\u0131n\u0131 belirtti. Halaki Suriye&#8217;nin bir yandan ter\u00f6rle m\u00fccadele etti\u011fi bir zamanda di\u011fer yandan da kalk\u0131nma ve geli\u015fme projelerini de s\u00fcrd\u00fcrd\u00fc\u011f\u00fcn\u00fcn bir g\u00f6stergesi oldu\u011funu ifade etti.<\/p>\n<p>Yeni projelerin temel ta\u015flar\u0131n\u0131 atmas\u0131 ard\u0131ndan Halaki Hasya Organize Sanayi B\u00f6lgesinde bir dizi fabrika ve sanayi kurumuna saha gezisinde bulundu. Halaki burada \u00fcretim ve sanayi \u00e7ark\u0131n\u0131n yeniden d\u00f6nmesi ve \u00fcretim hacminden memnuniyetini ifade etti.<\/p>\n<p>Daha sonra askeri bir birli\u011fimizi ziyaret eden Ba\u015fbakan; Suriye halk\u0131 ve Cumhurba\u015fkan\u0131 el Esad\u2019\u0131n kahraman askerlere iyi dileklerini iletti.<\/p>\n<p>Ba\u015fbakan Halaki Homs Kentinde ise i\u00e7 g\u00fcvenlik g\u00fc\u00e7leriyle bir araya gelerek vatan\u0131 savunmada harcad\u0131klar\u0131 \u00e7abalar\u0131n takdire \u015fayan oldu\u011funu s\u00f6yledi.<\/p>\n<p>Orta, k\u00fc\u00e7\u00fck ve mikro projelerin geli\u015ftirilmesi amac\u0131yla ba\u015flat\u0131lan \u2018Projem Porgram\u0131\u2019 idaresine de saha gezisinde bulunan Halaki; dar gelirli vatanda\u015flar\u0131n ekonomik a\u00e7\u0131dan desteklenmeleri ve ulusal ekonomiye katk\u0131da bulunmalar\u0131 a\u00e7\u0131s\u0131ndan bu projenin \u00f6nemine dikkat \u00e7ekti.<\/p>\n<p>Ba\u015fbakan Halaki eski Homs semtleri ve H\u0131ristiyan cemiyetleri de ziyaret ederken; Halit Bin velit Camiinin onar\u0131m \u00e7al\u0131\u015fmalar\u0131n\u0131 inceledi.<\/p>\n<p>Homs Valili\u011finde Homs ilinden dini, sosyal, ekonomik faaliyet temsilcilerine ek olarak ayd\u0131nlar ve Halk Meclisinde Homs \u0130li milletvekilleriyle bir araya gelen Ba\u015fbakan Halaki; Homs \u0130linde ekonomik ve hizmet kurumlar\u0131n\u0131n kalk\u0131nd\u0131r\u0131lmas\u0131 amac\u0131yla el Esad\u2019\u0131n y\u00f6nlendirmeleriyle 800 milyon lira ek b\u00fct\u00e7e tahsis edildi\u011fini belirtti.<\/p>\n<p>Ba\u015fbakan Halaki\u2019ye Homs ziyaretinde bir\u00e7ok bakan e\u015flik etti.<\/p>\n<div id='gallery-1' class='gallery galleryid-48981 gallery-columns-2 gallery-size-thumbnail'><figure class='gallery-item'>\n\t\t\t<div class='gallery-icon landscape'>\n\t\t\t\t<a href='https:\/\/archive.sana.sy\/tr\/wp-content\/uploads\/2015\/10\/46.jpg'><img loading=\"lazy\" decoding=\"async\" width=\"150\" height=\"100\" src=\"https:\/\/archive.sana.sy\/tr\/wp-content\/uploads\/2015\/10\/46-150x100.jpg\" class=\"attachment-thumbnail size-thumbnail\" alt=\"\" srcset=\"https:\/\/archive.sana.sy\/tr\/wp-content\/uploads\/2015\/10\/46-150x100.jpg 150w, https:\/\/archive.sana.sy\/tr\/wp-content\/uploads\/2015\/10\/46-300x201.jpg 300w, https:\/\/archive.sana.sy\/tr\/wp-content\/uploads\/2015\/10\/46-1024x685.jpg 1024w\" sizes=\"auto, (max-width: 150px) 100vw, 150px\" \/><\/a>\n\t\t\t<\/div><\/figure><figure class='gallery-item'>\n\t\t\t<div class='gallery-icon landscape'>\n\t\t\t\t<a href='https:\/\/archive.sana.sy\/tr\/wp-content\/uploads\/2015\/10\/54.jpg'><img loading=\"lazy\" decoding=\"async\" width=\"150\" height=\"103\" src=\"https:\/\/archive.sana.sy\/tr\/wp-content\/uploads\/2015\/10\/54-150x103.jpg\" class=\"attachment-thumbnail size-thumbnail\" alt=\"\" srcset=\"https:\/\/archive.sana.sy\/tr\/wp-content\/uploads\/2015\/10\/54-150x103.jpg 150w, https:\/\/archive.sana.sy\/tr\/wp-content\/uploads\/2015\/10\/54-300x206.jpg 300w, https:\/\/archive.sana.sy\/tr\/wp-content\/uploads\/2015\/10\/54-1024x703.jpg 1024w\" sizes=\"auto, (max-width: 150px) 100vw, 150px\" \/><\/a>\n\t\t\t<\/div><\/figure>\n\t\t<\/div>\n\n","protected":false},"excerpt":{"rendered":"<p>HOMS \u2013 Ba\u015fbakan Vail el Halaki Cumhurba\u015fkan\u0131 Be\u015f\u015far el Esad\u2019\u0131n y\u00f6nlendirmeleri do\u011frultusunda bug\u00fcn Homs \u0130linde yeni hizmet ve ekonomi planlar\u0131n\u0131n temel ta\u015f\u0131n\u0131 att\u0131. Ekim Kurtulu\u015f Sava\u015f\u0131n\u0131n 42. Y\u0131ld\u00f6n\u00fcm\u00fc m\u00fcnasebetiyle temel ta\u015flar\u0131 at\u0131lan projelerin toplam maliyetinin 7 milyar 250 milyon lira oldu\u011fu bildirildi. Muhtelif b\u00f6lgelerde in\u015faat\u0131 tamamlanan ve sahiplerine teslimi beklenen yakla\u015f\u0131k 500 dairenin in\u015fa kalitesini &hellip;<\/p>\n","protected":false},"author":1,"featured_media":48992,"comment_status":"closed","ping_status":"closed","sticky":false,"template":"","format":"standard","meta":{"footnotes":""},"categories":[485,486],"tags":[17187,10238,17186],"class_list":["post-48981","post","type-post","status-publish","format-standard","has-post-thumbnail","","category-is-ve-sermaye","category-haberler-is-ve-sermaye","tag-25-milyar-lira-maliyetinde-yeni-projelerin-temeli-atildi","tag-basbakan-vail-el-halaki","tag-homsta-7"],"_links":{"self":[{"href":"https:\/\/archive.sana.sy\/tr\/index.php?rest_route=\/wp\/v2\/posts\/48981","targetHints":{"allow":["GET"]}}],"collection":[{"href":"https:\/\/archive.sana.sy\/tr\/index.php?rest_route=\/wp\/v2\/posts"}],"about":[{"href":"https:\/\/archive.sana.sy\/tr\/index.php?rest_route=\/wp\/v2\/types\/post"}],"author":[{"embeddable":true,"href":"https:\/\/archive.sana.sy\/tr\/index.php?rest_route=\/wp\/v2\/users\/1"}],"replies":[{"embeddable":true,"href":"https:\/\/archive.sana.sy\/tr\/index.php?rest_route=%2Fwp%2Fv2%2Fcomments&post=48981"}],"version-history":[{"count":0,"href":"https:\/\/archive.sana.sy\/tr\/index.php?rest_route=\/wp\/v2\/posts\/48981\/revisions"}],"wp:featuredmedia":[{"embeddable":true,"href":"https:\/\/archive.sana.sy\/tr\/index.php?rest_route=\/wp\/v2\/media\/48992"}],"wp:attachment":[{"href":"https:\/\/archive.sana.sy\/tr\/index.php?rest_route=%2Fwp%2Fv2%2Fmedia&parent=48981"}],"wp:term":[{"taxonomy":"category","embeddable":true,"href":"https:\/\/archive.sana.sy\/tr\/index.php?rest_route=%2Fwp%2Fv2%2Fcategories&post=48981"},{"taxonomy":"post_tag","embeddable":true,"href":"https:\/\/archive.sana.sy\/tr\/index.php?rest_route=%2Fwp%2Fv2%2Ftags&post=48981"}],"curies":[{"name":"wp","href":"https:\/\/api.w.org\/{rel}","templated":true}]}}