{"id":4902,"date":"2014-07-09T10:34:40","date_gmt":"2014-07-09T07:34:40","guid":{"rendered":"http:\/\/www.sana.sy\/tr\/?p=4902"},"modified":"2014-07-09T10:34:40","modified_gmt":"2014-07-09T07:34:40","slug":"silahli-bir-teror-grubu-bu-sabah-hama-kentinin-kuzeybati-kirsalindaki-hattab-koyune-sizarak-masum-sivil-insanlara-karsi-korkunc-bir-katliam-duzenlemis-aralarinda-cocuk-ve-kadinlarin-bulundugu-14-vatan","status":"publish","type":"post","link":"https:\/\/archive.sana.sy\/tr\/?p=4902","title":{"rendered":"Silahl\u0131 bir ter\u00f6r grubu bu sabah Hama kentinin kuzeybat\u0131 k\u0131rsal\u0131ndaki Hattab K\u00f6y\u00fcne s\u0131zarak masum sivil insanlara kar\u015f\u0131 korkun\u00e7 bir katliam d\u00fczenlemi\u015f aralar\u0131nda \u00e7ocuk ve kad\u0131nlar\u0131n bulundu\u011fu 14 vatanda\u015f \u015fehit d\u00fc\u015fmesine yol a\u00e7m\u0131\u015ft\u0131r."},"content":{"rendered":"<p>Silahl\u0131 bir ter\u00f6r grubu bu sabah Hama kentinin kuzeybat\u0131 k\u0131rsal\u0131ndaki Hattab K\u00f6y\u00fcne s\u0131zarak masum sivil insanlara kar\u015f\u0131 korkun\u00e7 bir katliam d\u00fczenlemi\u015f aralar\u0131nda \u00e7ocuk ve kad\u0131nlar\u0131n bulundu\u011fu 14 vatanda\u015f \u015fehit d\u00fc\u015fmesine yol a\u00e7m\u0131\u015ft\u0131r.<\/p>\n","protected":false},"excerpt":{"rendered":"<p>Silahl\u0131 bir ter\u00f6r grubu bu sabah Hama kentinin kuzeybat\u0131 k\u0131rsal\u0131ndaki Hattab K\u00f6y\u00fcne s\u0131zarak masum sivil insanlara kar\u015f\u0131 korkun\u00e7 bir katliam d\u00fczenlemi\u015f aralar\u0131nda \u00e7ocuk ve kad\u0131nlar\u0131n bulundu\u011fu 14 vatanda\u015f \u015fehit d\u00fc\u015fmesine yol a\u00e7m\u0131\u015ft\u0131r.<\/p>\n","protected":false},"author":1,"featured_media":0,"comment_status":"closed","ping_status":"closed","sticky":false,"template":"","format":"standard","meta":{"footnotes":""},"categories":[1],"tags":[1071],"class_list":["post-4902","post","type-post","status-publish","format-standard","","category-news-not-sorted","tag-silahli-bir-teror-grubu-bu-sabah-hama-kentinin-kuzeybati-kirsalindaki-hattab-koyune-sizarak-masum-sivil-insanlara-karsi-korkunc-bir-katliam-duzenlemis-aralarinda-cocuk-ve-kadinlarin-bulundugu-14-vatan"],"_links":{"self":[{"href":"https:\/\/archive.sana.sy\/tr\/index.php?rest_route=\/wp\/v2\/posts\/4902","targetHints":{"allow":["GET"]}}],"collection":[{"href":"https:\/\/archive.sana.sy\/tr\/index.php?rest_route=\/wp\/v2\/posts"}],"about":[{"href":"https:\/\/archive.sana.sy\/tr\/index.php?rest_route=\/wp\/v2\/types\/post"}],"author":[{"embeddable":true,"href":"https:\/\/archive.sana.sy\/tr\/index.php?rest_route=\/wp\/v2\/users\/1"}],"replies":[{"embeddable":true,"href":"https:\/\/archive.sana.sy\/tr\/index.php?rest_route=%2Fwp%2Fv2%2Fcomments&post=4902"}],"version-history":[{"count":0,"href":"https:\/\/archive.sana.sy\/tr\/index.php?rest_route=\/wp\/v2\/posts\/4902\/revisions"}],"wp:attachment":[{"href":"https:\/\/archive.sana.sy\/tr\/index.php?rest_route=%2Fwp%2Fv2%2Fmedia&parent=4902"}],"wp:term":[{"taxonomy":"category","embeddable":true,"href":"https:\/\/archive.sana.sy\/tr\/index.php?rest_route=%2Fwp%2Fv2%2Fcategories&post=4902"},{"taxonomy":"post_tag","embeddable":true,"href":"https:\/\/archive.sana.sy\/tr\/index.php?rest_route=%2Fwp%2Fv2%2Ftags&post=4902"}],"curies":[{"name":"wp","href":"https:\/\/api.w.org\/{rel}","templated":true}]}}