{"id":49047,"date":"2015-10-10T12:20:19","date_gmt":"2015-10-10T09:20:19","guid":{"rendered":"http:\/\/sana.sy\/tr\/?p=49047"},"modified":"2015-10-10T12:20:19","modified_gmt":"2015-10-10T09:20:19","slug":"bir-isim-bile-veremedi","status":"publish","type":"post","link":"https:\/\/archive.sana.sy\/tr\/?p=49047","title":{"rendered":"Bir \u0130sim Bile Veremedi"},"content":{"rendered":"<p>WASH\u0130NGTON \u2013 ABD D\u0131\u015fi\u015fleri Bakanl\u0131\u011f\u0131 s\u00f6zc\u00fcs\u00fc John Kirby Rus hava g\u00fc\u00e7lerinin Suriye&#8217;de bulundu\u011fu hava operasyonlar\u0131na ili\u015fkin hava operasyonlar\u0131nda I\u015e\u0130D mevkilerinden daha \u00e7ok \u2018\u0131l\u0131ml\u0131 muhalifler\u2019 olarak nitelendirdi\u011fi ABD\u2019nin ter\u00f6r m\u00fcttefiki \u00f6rg\u00fctleri hedef ald\u0131\u011f\u0131n\u0131 \u00f6ne s\u00fcrd\u00fc.<\/p>\n<p>Kirby Washington&#8217;da d\u00fczenledi\u011fi bas\u0131n konferans\u0131nda Rus hava g\u00fc\u00e7lerinin ABD\u2019nin destekledi\u011fi \u2018\u0131l\u0131ml\u0131 muhalifleri\u2019 hedef ald\u0131\u011f\u0131n\u0131 belirtirken, gazetecilerin sadece birka\u00e7 isimle olsa bile bu \u2018\u0131l\u0131ml\u0131 muhalifleri\u2019 belirleme sorular\u0131na cevap vermekten ka\u00e7\u0131nd\u0131. Bu konuda bilgi sahibi olmad\u0131\u011f\u0131n\u0131 \u00f6ne s\u00fcren Kirby; ABD\u2019nin elinde b\u00f6yle bir liste olsa bile bunu a\u00e7\u0131klama gere\u011fi olmad\u0131\u011f\u0131n\u0131 s\u00f6yledi.<\/p>\n<p>Kirby Suriye ve Ukrayna krizleri gibi bir k\u0131s\u0131m meselelerde hala anla\u015fmazl\u0131k i\u00e7inde olmalar\u0131na ra\u011fmen ABD ile Rusya aras\u0131nda iki \u00fclke aras\u0131ndaki koordinasyon ve i\u015fbirli\u011finin b\u00fcy\u00fck \u00f6nem ta\u015f\u0131d\u0131\u011f\u0131n\u0131 ifade etti.<\/p>\n<p>Moskova daha \u00f6nce yapt\u0131\u011f\u0131 a\u00e7\u0131klamada Rus hava g\u00fc\u00e7lerinin Suriye&#8217;deki operasyonlar\u0131nda I\u015e\u0130D\u2019in yan\u0131 s\u0131ra bir dizi ter\u00f6r \u00f6rg\u00fct\u00fcn\u00fc hedef ald\u0131\u011f\u0131n\u0131 a\u00e7\u0131k ve net olarak ilan etmi\u015f, uluslar aras\u0131 kanun ve kararlara tamam\u0131yla uygun bu operasyonlar\u0131n\u0131n Bat\u0131l\u0131 kimi devletler taraf\u0131ndan zaten alk\u0131\u015flanmas\u0131n\u0131 beklemedi\u011fini ifade etmi\u015fti.<\/p>\n","protected":false},"excerpt":{"rendered":"<p>WASH\u0130NGTON \u2013 ABD D\u0131\u015fi\u015fleri Bakanl\u0131\u011f\u0131 s\u00f6zc\u00fcs\u00fc John Kirby Rus hava g\u00fc\u00e7lerinin Suriye&#8217;de bulundu\u011fu hava operasyonlar\u0131na ili\u015fkin hava operasyonlar\u0131nda I\u015e\u0130D mevkilerinden daha \u00e7ok \u2018\u0131l\u0131ml\u0131 muhalifler\u2019 olarak nitelendirdi\u011fi ABD\u2019nin ter\u00f6r m\u00fcttefiki \u00f6rg\u00fctleri hedef ald\u0131\u011f\u0131n\u0131 \u00f6ne s\u00fcrd\u00fc. Kirby Washington&#8217;da d\u00fczenledi\u011fi bas\u0131n konferans\u0131nda Rus hava g\u00fc\u00e7lerinin ABD\u2019nin destekledi\u011fi \u2018\u0131l\u0131ml\u0131 muhalifleri\u2019 hedef ald\u0131\u011f\u0131n\u0131 belirtirken, gazetecilerin sadece birka\u00e7 isimle olsa bile &hellip;<\/p>\n","protected":false},"author":1,"featured_media":49048,"comment_status":"closed","ping_status":"closed","sticky":false,"template":"","format":"standard","meta":{"footnotes":""},"categories":[458,459,447],"tags":[17200],"class_list":["post-49047","post","type-post","status-publish","format-standard","has-post-thumbnail","","category-dunya1","category-haberler-arap-uluslararasi-politika","category-politika","tag-abd-disisleri-bakanligi-sozcusu-john-kirby"],"_links":{"self":[{"href":"https:\/\/archive.sana.sy\/tr\/index.php?rest_route=\/wp\/v2\/posts\/49047","targetHints":{"allow":["GET"]}}],"collection":[{"href":"https:\/\/archive.sana.sy\/tr\/index.php?rest_route=\/wp\/v2\/posts"}],"about":[{"href":"https:\/\/archive.sana.sy\/tr\/index.php?rest_route=\/wp\/v2\/types\/post"}],"author":[{"embeddable":true,"href":"https:\/\/archive.sana.sy\/tr\/index.php?rest_route=\/wp\/v2\/users\/1"}],"replies":[{"embeddable":true,"href":"https:\/\/archive.sana.sy\/tr\/index.php?rest_route=%2Fwp%2Fv2%2Fcomments&post=49047"}],"version-history":[{"count":0,"href":"https:\/\/archive.sana.sy\/tr\/index.php?rest_route=\/wp\/v2\/posts\/49047\/revisions"}],"wp:featuredmedia":[{"embeddable":true,"href":"https:\/\/archive.sana.sy\/tr\/index.php?rest_route=\/wp\/v2\/media\/49048"}],"wp:attachment":[{"href":"https:\/\/archive.sana.sy\/tr\/index.php?rest_route=%2Fwp%2Fv2%2Fmedia&parent=49047"}],"wp:term":[{"taxonomy":"category","embeddable":true,"href":"https:\/\/archive.sana.sy\/tr\/index.php?rest_route=%2Fwp%2Fv2%2Fcategories&post=49047"},{"taxonomy":"post_tag","embeddable":true,"href":"https:\/\/archive.sana.sy\/tr\/index.php?rest_route=%2Fwp%2Fv2%2Ftags&post=49047"}],"curies":[{"name":"wp","href":"https:\/\/api.w.org\/{rel}","templated":true}]}}