{"id":49066,"date":"2015-10-10T11:02:17","date_gmt":"2015-10-10T08:02:17","guid":{"rendered":"http:\/\/sana.sy\/tr\/?p=49066"},"modified":"2015-10-10T13:30:48","modified_gmt":"2015-10-10T10:30:48","slug":"hama-kirsalinda-turkiyede-erdogan-rejimi-ve-daha-baska-taraflarin-destekledikleri-azili-teroristlere-karsi-genis-kapsamli-operasyonlar-baslatan-ordu-birliklerimizden-bir-kaynak-hava-guclerimizin-bu","status":"publish","type":"post","link":"https:\/\/archive.sana.sy\/tr\/?p=49066","title":{"rendered":"Hama k\u0131rsal\u0131nda T\u00fcrkiye&#8217;de Erdo\u011fan rejimi ve daha ba\u015fka taraflar\u0131n destekledikleri az\u0131l\u0131 ter\u00f6ristlere kar\u015f\u0131 geni\u015f kapsaml\u0131 operasyonlar ba\u015flatan ordu birliklerimizden bir kaynak; hava g\u00fc\u00e7lerimizin bug\u00fcn Selma, Cub el Ahmar ve Ebu Riy\u015fa b\u00f6lgelerine ilaveten Tanbur Tepesinde tekfircilerin bir\u00e7ok mevkii ve ara\u00e7lar\u0131n\u0131 muhtevalar\u0131yla imha ettiklerini belirtti."},"content":{"rendered":"<p>Hama k\u0131rsal\u0131nda T\u00fcrkiye&#8217;de Erdo\u011fan rejimi ve daha ba\u015fka taraflar\u0131n destekledikleri az\u0131l\u0131 ter\u00f6ristlere kar\u015f\u0131 geni\u015f kapsaml\u0131 operasyonlar ba\u015flatan ordu birliklerimizden bir kaynak; hava g\u00fc\u00e7lerimizin bug\u00fcn Selma, Cub el Ahmar ve Ebu Riy\u015fa b\u00f6lgelerine ilaveten Tanbur Tepesinde tekfircilerin bir\u00e7ok mevkii ve ara\u00e7lar\u0131n\u0131 muhtevalar\u0131yla imha ettiklerini belirtti.<\/p>\n<p>&nbsp;<\/p>\n","protected":false},"excerpt":{"rendered":"<p>Hama k\u0131rsal\u0131nda T\u00fcrkiye&#8217;de Erdo\u011fan rejimi ve daha ba\u015fka taraflar\u0131n destekledikleri az\u0131l\u0131 ter\u00f6ristlere kar\u015f\u0131 geni\u015f kapsaml\u0131 operasyonlar ba\u015flatan ordu birliklerimizden bir kaynak; hava g\u00fc\u00e7lerimizin bug\u00fcn Selma, Cub el Ahmar ve Ebu Riy\u015fa b\u00f6lgelerine ilaveten Tanbur Tepesinde tekfircilerin bir\u00e7ok mevkii ve ara\u00e7lar\u0131n\u0131 muhtevalar\u0131yla imha ettiklerini belirtti. &nbsp;<\/p>\n","protected":false},"author":1,"featured_media":0,"comment_status":"closed","ping_status":"closed","sticky":false,"template":"","format":"standard","meta":{"footnotes":""},"categories":[1],"tags":[],"class_list":["post-49066","post","type-post","status-publish","format-standard","","category-news-not-sorted"],"_links":{"self":[{"href":"https:\/\/archive.sana.sy\/tr\/index.php?rest_route=\/wp\/v2\/posts\/49066","targetHints":{"allow":["GET"]}}],"collection":[{"href":"https:\/\/archive.sana.sy\/tr\/index.php?rest_route=\/wp\/v2\/posts"}],"about":[{"href":"https:\/\/archive.sana.sy\/tr\/index.php?rest_route=\/wp\/v2\/types\/post"}],"author":[{"embeddable":true,"href":"https:\/\/archive.sana.sy\/tr\/index.php?rest_route=\/wp\/v2\/users\/1"}],"replies":[{"embeddable":true,"href":"https:\/\/archive.sana.sy\/tr\/index.php?rest_route=%2Fwp%2Fv2%2Fcomments&post=49066"}],"version-history":[{"count":0,"href":"https:\/\/archive.sana.sy\/tr\/index.php?rest_route=\/wp\/v2\/posts\/49066\/revisions"}],"wp:attachment":[{"href":"https:\/\/archive.sana.sy\/tr\/index.php?rest_route=%2Fwp%2Fv2%2Fmedia&parent=49066"}],"wp:term":[{"taxonomy":"category","embeddable":true,"href":"https:\/\/archive.sana.sy\/tr\/index.php?rest_route=%2Fwp%2Fv2%2Fcategories&post=49066"},{"taxonomy":"post_tag","embeddable":true,"href":"https:\/\/archive.sana.sy\/tr\/index.php?rest_route=%2Fwp%2Fv2%2Ftags&post=49066"}],"curies":[{"name":"wp","href":"https:\/\/api.w.org\/{rel}","templated":true}]}}