{"id":49073,"date":"2015-10-10T12:30:12","date_gmt":"2015-10-10T09:30:12","guid":{"rendered":"http:\/\/sana.sy\/tr\/?p=49073"},"modified":"2015-10-10T14:13:11","modified_gmt":"2015-10-10T11:13:11","slug":"erdogan-polisi-rejimin-baski-ve-dayatmalarini-kinayan-ve-bugun-ankarada-meydana-gelen-patlamanin-sorumlulugunu-rejime-yukleyen-gostericileri-dagitmak-icin-canli-kursun-kullandi-yasanan-olaylarda-bi","status":"publish","type":"post","link":"https:\/\/archive.sana.sy\/tr\/?p=49073","title":{"rendered":"Erdo\u011fan polisi rejimin bask\u0131 ve dayatmalar\u0131n\u0131 k\u0131nayan ve bug\u00fcn Ankara&#8217;da meydana gelen patlaman\u0131n sorumlulu\u011funu rejime y\u00fckleyen g\u00f6stericileri da\u011f\u0131tmak i\u00e7in canl\u0131 kur\u015fun kulland\u0131. Ya\u015fanan olaylarda bir\u00e7ok ki\u015finin isabet ald\u0131\u011f\u0131 ifade edildi."},"content":{"rendered":"<p>Erdo\u011fan polisi rejimin bask\u0131 ve dayatmalar\u0131n\u0131 k\u0131nayan ve bug\u00fcn Ankara&#8217;da meydana gelen patlaman\u0131n sorumlulu\u011funu rejime y\u00fckleyen g\u00f6stericileri da\u011f\u0131tmak i\u00e7in canl\u0131 kur\u015fun kulland\u0131. Ya\u015fanan olaylarda bir\u00e7ok ki\u015finin isabet ald\u0131\u011f\u0131 ifade edildi.<\/p>\n","protected":false},"excerpt":{"rendered":"<p>Erdo\u011fan polisi rejimin bask\u0131 ve dayatmalar\u0131n\u0131 k\u0131nayan ve bug\u00fcn Ankara&#8217;da meydana gelen patlaman\u0131n sorumlulu\u011funu rejime y\u00fckleyen g\u00f6stericileri da\u011f\u0131tmak i\u00e7in canl\u0131 kur\u015fun kulland\u0131. Ya\u015fanan olaylarda bir\u00e7ok ki\u015finin isabet ald\u0131\u011f\u0131 ifade edildi.<\/p>\n","protected":false},"author":1,"featured_media":0,"comment_status":"closed","ping_status":"closed","sticky":false,"template":"","format":"standard","meta":{"footnotes":""},"categories":[1],"tags":[],"class_list":["post-49073","post","type-post","status-publish","format-standard","","category-news-not-sorted"],"_links":{"self":[{"href":"https:\/\/archive.sana.sy\/tr\/index.php?rest_route=\/wp\/v2\/posts\/49073","targetHints":{"allow":["GET"]}}],"collection":[{"href":"https:\/\/archive.sana.sy\/tr\/index.php?rest_route=\/wp\/v2\/posts"}],"about":[{"href":"https:\/\/archive.sana.sy\/tr\/index.php?rest_route=\/wp\/v2\/types\/post"}],"author":[{"embeddable":true,"href":"https:\/\/archive.sana.sy\/tr\/index.php?rest_route=\/wp\/v2\/users\/1"}],"replies":[{"embeddable":true,"href":"https:\/\/archive.sana.sy\/tr\/index.php?rest_route=%2Fwp%2Fv2%2Fcomments&post=49073"}],"version-history":[{"count":0,"href":"https:\/\/archive.sana.sy\/tr\/index.php?rest_route=\/wp\/v2\/posts\/49073\/revisions"}],"wp:attachment":[{"href":"https:\/\/archive.sana.sy\/tr\/index.php?rest_route=%2Fwp%2Fv2%2Fmedia&parent=49073"}],"wp:term":[{"taxonomy":"category","embeddable":true,"href":"https:\/\/archive.sana.sy\/tr\/index.php?rest_route=%2Fwp%2Fv2%2Fcategories&post=49073"},{"taxonomy":"post_tag","embeddable":true,"href":"https:\/\/archive.sana.sy\/tr\/index.php?rest_route=%2Fwp%2Fv2%2Ftags&post=49073"}],"curies":[{"name":"wp","href":"https:\/\/api.w.org\/{rel}","templated":true}]}}