{"id":49074,"date":"2015-10-10T12:00:34","date_gmt":"2015-10-10T09:00:34","guid":{"rendered":"http:\/\/sana.sy\/tr\/?p=49074"},"modified":"2015-10-10T14:01:46","modified_gmt":"2015-10-10T11:01:46","slug":"turkiye-icisleri-bakanligi-ankarada-bugun-meydana-gelen-iki-bombali-eylemde-30-kisinin-yasamini-yitirdigini-126-kisinin-de-yaralandigini-acikladi","status":"publish","type":"post","link":"https:\/\/archive.sana.sy\/tr\/?p=49074","title":{"rendered":"T\u00fcrkiye \u0130\u00e7i\u015fleri Bakanl\u0131\u011f\u0131 Ankara\u2019da bug\u00fcn meydana gelen iki bombal\u0131 eylemde 30 ki\u015finin ya\u015fam\u0131n\u0131 yitirdi\u011fini, 126 ki\u015finin de yaraland\u0131\u011f\u0131n\u0131 a\u00e7\u0131klad\u0131"},"content":{"rendered":"<p>T\u00fcrkiye \u0130\u00e7i\u015fleri Bakanl\u0131\u011f\u0131 Ankara\u2019da bug\u00fcn meydana gelen iki bombal\u0131 eylemde 30 ki\u015finin ya\u015fam\u0131n\u0131 yitirdi\u011fini, 126 ki\u015finin de yaraland\u0131\u011f\u0131n\u0131 a\u00e7\u0131klad\u0131<\/p>\n","protected":false},"excerpt":{"rendered":"<p>T\u00fcrkiye \u0130\u00e7i\u015fleri Bakanl\u0131\u011f\u0131 Ankara\u2019da bug\u00fcn meydana gelen iki bombal\u0131 eylemde 30 ki\u015finin ya\u015fam\u0131n\u0131 yitirdi\u011fini, 126 ki\u015finin de yaraland\u0131\u011f\u0131n\u0131 a\u00e7\u0131klad\u0131<\/p>\n","protected":false},"author":1,"featured_media":0,"comment_status":"closed","ping_status":"closed","sticky":false,"template":"","format":"standard","meta":{"footnotes":""},"categories":[1],"tags":[],"class_list":["post-49074","post","type-post","status-publish","format-standard","","category-news-not-sorted"],"_links":{"self":[{"href":"https:\/\/archive.sana.sy\/tr\/index.php?rest_route=\/wp\/v2\/posts\/49074","targetHints":{"allow":["GET"]}}],"collection":[{"href":"https:\/\/archive.sana.sy\/tr\/index.php?rest_route=\/wp\/v2\/posts"}],"about":[{"href":"https:\/\/archive.sana.sy\/tr\/index.php?rest_route=\/wp\/v2\/types\/post"}],"author":[{"embeddable":true,"href":"https:\/\/archive.sana.sy\/tr\/index.php?rest_route=\/wp\/v2\/users\/1"}],"replies":[{"embeddable":true,"href":"https:\/\/archive.sana.sy\/tr\/index.php?rest_route=%2Fwp%2Fv2%2Fcomments&post=49074"}],"version-history":[{"count":0,"href":"https:\/\/archive.sana.sy\/tr\/index.php?rest_route=\/wp\/v2\/posts\/49074\/revisions"}],"wp:attachment":[{"href":"https:\/\/archive.sana.sy\/tr\/index.php?rest_route=%2Fwp%2Fv2%2Fmedia&parent=49074"}],"wp:term":[{"taxonomy":"category","embeddable":true,"href":"https:\/\/archive.sana.sy\/tr\/index.php?rest_route=%2Fwp%2Fv2%2Fcategories&post=49074"},{"taxonomy":"post_tag","embeddable":true,"href":"https:\/\/archive.sana.sy\/tr\/index.php?rest_route=%2Fwp%2Fv2%2Ftags&post=49074"}],"curies":[{"name":"wp","href":"https:\/\/api.w.org\/{rel}","templated":true}]}}