{"id":49141,"date":"2015-10-10T16:28:30","date_gmt":"2015-10-10T13:28:30","guid":{"rendered":"http:\/\/sana.sy\/tr\/?p=49141"},"modified":"2015-10-10T16:28:30","modified_gmt":"2015-10-10T13:28:30","slug":"cok-sayida-siyasi-parti-sivil-toplum-orgutu-ve-sendikanin-destek-verdigi-emek-baris-ve-demokrasi-mitingi-icin-ankaraya-gelenlerin-toplandigi-ankara-tren-gari-kavsaginda-me","status":"publish","type":"post","link":"https:\/\/archive.sana.sy\/tr\/?p=49141","title":{"rendered":"\u00c7ok say\u0131da siyasi parti, sivil toplum \u00f6rg\u00fct\u00fc ve sendikan\u0131n destek verdi\u011fi \u2019emek, bar\u0131\u015f ve demokrasi mitingi\u2019 i\u00e7in Ankara\u2019ya gelenlerin topland\u0131\u011f\u0131 Ankara Tren Gar\u0131 kav\u015fa\u011f\u0131nda meydana gelen iki ayr\u0131 patlama sonucunda ya\u015famlar\u0131n\u0131 yitirenlerin bilan\u00e7osu resmi rakamlara g\u00f6re 86&#8217;ya y\u00fckseldi."},"content":{"rendered":"<p>\u00c7ok say\u0131da siyasi parti, sivil toplum \u00f6rg\u00fct\u00fc ve sendikan\u0131n destek verdi\u011fi \u2019emek, bar\u0131\u015f ve demokrasi mitingi\u2019 i\u00e7in Ankara\u2019ya gelenlerin topland\u0131\u011f\u0131 Ankara Tren Gar\u0131 kav\u015fa\u011f\u0131nda meydana gelen iki ayr\u0131 patlama sonucunda ya\u015famlar\u0131n\u0131 yitirenlerin bilan\u00e7osu resmi rakamlara g\u00f6re 86&#8217;ya y\u00fckseldi.<\/p>\n","protected":false},"excerpt":{"rendered":"<p>\u00c7ok say\u0131da siyasi parti, sivil toplum \u00f6rg\u00fct\u00fc ve sendikan\u0131n destek verdi\u011fi \u2019emek, bar\u0131\u015f ve demokrasi mitingi\u2019 i\u00e7in Ankara\u2019ya gelenlerin topland\u0131\u011f\u0131 Ankara Tren Gar\u0131 kav\u015fa\u011f\u0131nda meydana gelen iki ayr\u0131 patlama sonucunda ya\u015famlar\u0131n\u0131 yitirenlerin bilan\u00e7osu resmi rakamlara g\u00f6re 86&#8217;ya y\u00fckseldi.<\/p>\n","protected":false},"author":1,"featured_media":0,"comment_status":"closed","ping_status":"closed","sticky":false,"template":"","format":"standard","meta":{"footnotes":""},"categories":[1],"tags":[],"class_list":["post-49141","post","type-post","status-publish","format-standard","","category-news-not-sorted"],"_links":{"self":[{"href":"https:\/\/archive.sana.sy\/tr\/index.php?rest_route=\/wp\/v2\/posts\/49141","targetHints":{"allow":["GET"]}}],"collection":[{"href":"https:\/\/archive.sana.sy\/tr\/index.php?rest_route=\/wp\/v2\/posts"}],"about":[{"href":"https:\/\/archive.sana.sy\/tr\/index.php?rest_route=\/wp\/v2\/types\/post"}],"author":[{"embeddable":true,"href":"https:\/\/archive.sana.sy\/tr\/index.php?rest_route=\/wp\/v2\/users\/1"}],"replies":[{"embeddable":true,"href":"https:\/\/archive.sana.sy\/tr\/index.php?rest_route=%2Fwp%2Fv2%2Fcomments&post=49141"}],"version-history":[{"count":0,"href":"https:\/\/archive.sana.sy\/tr\/index.php?rest_route=\/wp\/v2\/posts\/49141\/revisions"}],"wp:attachment":[{"href":"https:\/\/archive.sana.sy\/tr\/index.php?rest_route=%2Fwp%2Fv2%2Fmedia&parent=49141"}],"wp:term":[{"taxonomy":"category","embeddable":true,"href":"https:\/\/archive.sana.sy\/tr\/index.php?rest_route=%2Fwp%2Fv2%2Fcategories&post=49141"},{"taxonomy":"post_tag","embeddable":true,"href":"https:\/\/archive.sana.sy\/tr\/index.php?rest_route=%2Fwp%2Fv2%2Ftags&post=49141"}],"curies":[{"name":"wp","href":"https:\/\/api.w.org\/{rel}","templated":true}]}}