{"id":49147,"date":"2015-10-10T19:29:29","date_gmt":"2015-10-10T16:29:29","guid":{"rendered":"http:\/\/sana.sy\/tr\/?p=49147"},"modified":"2015-10-10T19:29:29","modified_gmt":"2015-10-10T16:29:29","slug":"ordu-briliklerimiz-kunaytra-kirsalinda-israil-destekli-teror-cetelerinin-son-yuvalarini-bertaraf-etmeleri-ardindan-ulusal-savunma-gucleriyle-isbirligi-icinde-el-kabi-tepesini-kontrolune-gecirdi","status":"publish","type":"post","link":"https:\/\/archive.sana.sy\/tr\/?p=49147","title":{"rendered":"Ordu briliklerimiz Kunaytra k\u0131rsal\u0131nda \u0130srail destekli ter\u00f6r \u00e7etelerinin son yuvalar\u0131n\u0131 bertaraf etmeleri ard\u0131ndan ulusal savunma g\u00fc\u00e7leriyle i\u015fbirli\u011fi i\u00e7inde El Kabi Tepesini kontrol\u00fcne ge\u00e7irdi"},"content":{"rendered":"<p>Ordu briliklerimiz Kunaytra k\u0131rsal\u0131nda \u0130srail destekli ter\u00f6r \u00e7etelerinin son yuvalar\u0131n\u0131 bertaraf etmeleri ard\u0131ndan ulusal savunma g\u00fc\u00e7leriyle i\u015fbirli\u011fi i\u00e7inde El Kabi Tepesini kontrol\u00fcne ge\u00e7irdi<\/p>\n","protected":false},"excerpt":{"rendered":"<p>Ordu briliklerimiz Kunaytra k\u0131rsal\u0131nda \u0130srail destekli ter\u00f6r \u00e7etelerinin son yuvalar\u0131n\u0131 bertaraf etmeleri ard\u0131ndan ulusal savunma g\u00fc\u00e7leriyle i\u015fbirli\u011fi i\u00e7inde El Kabi Tepesini kontrol\u00fcne ge\u00e7irdi<\/p>\n","protected":false},"author":1,"featured_media":0,"comment_status":"closed","ping_status":"closed","sticky":false,"template":"","format":"standard","meta":{"footnotes":""},"categories":[1],"tags":[17212],"class_list":["post-49147","post","type-post","status-publish","format-standard","","category-news-not-sorted","tag-ordu-briliklerimiz-kunaytra-kirsalinda-israil-destekli-teror-cetelerinin-son-yuvalarini-bertaraf-etmeleri-ardindan-ulusal-savunma-gucleriyle-isbirligi-icinde-el-kabi-tepesini-kontrolune-gecirdi"],"_links":{"self":[{"href":"https:\/\/archive.sana.sy\/tr\/index.php?rest_route=\/wp\/v2\/posts\/49147","targetHints":{"allow":["GET"]}}],"collection":[{"href":"https:\/\/archive.sana.sy\/tr\/index.php?rest_route=\/wp\/v2\/posts"}],"about":[{"href":"https:\/\/archive.sana.sy\/tr\/index.php?rest_route=\/wp\/v2\/types\/post"}],"author":[{"embeddable":true,"href":"https:\/\/archive.sana.sy\/tr\/index.php?rest_route=\/wp\/v2\/users\/1"}],"replies":[{"embeddable":true,"href":"https:\/\/archive.sana.sy\/tr\/index.php?rest_route=%2Fwp%2Fv2%2Fcomments&post=49147"}],"version-history":[{"count":0,"href":"https:\/\/archive.sana.sy\/tr\/index.php?rest_route=\/wp\/v2\/posts\/49147\/revisions"}],"wp:attachment":[{"href":"https:\/\/archive.sana.sy\/tr\/index.php?rest_route=%2Fwp%2Fv2%2Fmedia&parent=49147"}],"wp:term":[{"taxonomy":"category","embeddable":true,"href":"https:\/\/archive.sana.sy\/tr\/index.php?rest_route=%2Fwp%2Fv2%2Fcategories&post=49147"},{"taxonomy":"post_tag","embeddable":true,"href":"https:\/\/archive.sana.sy\/tr\/index.php?rest_route=%2Fwp%2Fv2%2Ftags&post=49147"}],"curies":[{"name":"wp","href":"https:\/\/api.w.org\/{rel}","templated":true}]}}