{"id":49152,"date":"2015-10-10T12:00:08","date_gmt":"2015-10-10T09:00:08","guid":{"rendered":"http:\/\/sana.sy\/tr\/?p=49152"},"modified":"2017-06-09T14:14:59","modified_gmt":"2017-06-09T11:14:59","slug":"abd-koalisyonu-elektrik-istasyonlarini-bombaladi","status":"publish","type":"post","link":"https:\/\/archive.sana.sy\/tr\/?p=49152","title":{"rendered":"ABD Koalisyonu Elektrik \u0130stasyonlar\u0131n\u0131 Bombalad\u0131"},"content":{"rendered":"<p>HALEP \u2013 Askeri bir kaynak SANA&#8217;ya a\u00e7\u0131klamas\u0131nda ABD komutas\u0131ndaki uluslararas\u0131 koalisyona tabi F-16 tipi iki sava\u015f u\u00e7a\u011f\u0131n\u0131n bug\u00fcn sabah saat 10:00&#8217;da uluslararas\u0131 kanunlara ayk\u0131r\u0131 bir \u015fekilde Suriye hava sahas\u0131n\u0131 ihlal ederek Halep Kentinin do\u011fusu R\u0131dvaniye B\u00f6lgesinde iki elektrik santralini havaya u\u00e7urduklar\u0131n\u0131 belirtti.<\/p>\n<p>Kaynak altyap\u0131y\u0131 hedef alan bu kanunsuz sald\u0131r\u0131 sonucunda b\u00f6lgede elektik kesintisinin oldu\u011funu aktard\u0131.<\/p>\n","protected":false},"excerpt":{"rendered":"<p>HALEP \u2013 Askeri bir kaynak SANA&#8217;ya a\u00e7\u0131klamas\u0131nda ABD komutas\u0131ndaki uluslararas\u0131 koalisyona tabi F-16 tipi iki sava\u015f u\u00e7a\u011f\u0131n\u0131n bug\u00fcn sabah saat 10:00&#8217;da uluslararas\u0131 kanunlara ayk\u0131r\u0131 bir \u015fekilde Suriye hava sahas\u0131n\u0131 ihlal ederek Halep Kentinin do\u011fusu R\u0131dvaniye B\u00f6lgesinde iki elektrik santralini havaya u\u00e7urduklar\u0131n\u0131 belirtti. Kaynak altyap\u0131y\u0131 hedef alan bu kanunsuz sald\u0131r\u0131 sonucunda b\u00f6lgede elektik kesintisinin oldu\u011funu aktard\u0131.<\/p>\n","protected":false},"author":1,"featured_media":49153,"comment_status":"closed","ping_status":"closed","sticky":false,"template":"","format":"standard","meta":{"footnotes":""},"categories":[479,575,478],"tags":[17213],"class_list":["post-49152","post","type-post","status-publish","format-standard","has-post-thumbnail","","category-haberler-yerel","category-olaylar-ve-gercekler","category-yerel","tag-abd-koalisyonu-elektrik-istasyonlarini-bombaladi"],"_links":{"self":[{"href":"https:\/\/archive.sana.sy\/tr\/index.php?rest_route=\/wp\/v2\/posts\/49152","targetHints":{"allow":["GET"]}}],"collection":[{"href":"https:\/\/archive.sana.sy\/tr\/index.php?rest_route=\/wp\/v2\/posts"}],"about":[{"href":"https:\/\/archive.sana.sy\/tr\/index.php?rest_route=\/wp\/v2\/types\/post"}],"author":[{"embeddable":true,"href":"https:\/\/archive.sana.sy\/tr\/index.php?rest_route=\/wp\/v2\/users\/1"}],"replies":[{"embeddable":true,"href":"https:\/\/archive.sana.sy\/tr\/index.php?rest_route=%2Fwp%2Fv2%2Fcomments&post=49152"}],"version-history":[{"count":0,"href":"https:\/\/archive.sana.sy\/tr\/index.php?rest_route=\/wp\/v2\/posts\/49152\/revisions"}],"wp:featuredmedia":[{"embeddable":true,"href":"https:\/\/archive.sana.sy\/tr\/index.php?rest_route=\/wp\/v2\/media\/49153"}],"wp:attachment":[{"href":"https:\/\/archive.sana.sy\/tr\/index.php?rest_route=%2Fwp%2Fv2%2Fmedia&parent=49152"}],"wp:term":[{"taxonomy":"category","embeddable":true,"href":"https:\/\/archive.sana.sy\/tr\/index.php?rest_route=%2Fwp%2Fv2%2Fcategories&post=49152"},{"taxonomy":"post_tag","embeddable":true,"href":"https:\/\/archive.sana.sy\/tr\/index.php?rest_route=%2Fwp%2Fv2%2Ftags&post=49152"}],"curies":[{"name":"wp","href":"https:\/\/api.w.org\/{rel}","templated":true}]}}