{"id":49161,"date":"2015-10-11T09:37:55","date_gmt":"2015-10-11T06:37:55","guid":{"rendered":"http:\/\/sana.sy\/tr\/?p=49161"},"modified":"2015-10-11T09:37:55","modified_gmt":"2015-10-11T06:37:55","slug":"halaki-bir-dizi-yatirim-projesinin-temel-atma-torenine-katildi-2","status":"publish","type":"post","link":"https:\/\/archive.sana.sy\/tr\/?p=49161","title":{"rendered":"Halaki Bir Dizi Yat\u0131r\u0131m Projesinin Temel Atma T\u00f6renine Kat\u0131ld\u0131"},"content":{"rendered":"<p>TARTUS \u2013 Ba\u015fbakan Vail el Halaki, Cumhurba\u015fkan\u0131 Be\u015f\u015far el Esad\u2019\u0131n direktifleri ve y\u00f6nlendirmesiyle \u015eanl\u0131 Te\u015frin Sava\u015f\u0131n\u0131n 42. y\u0131ld\u00f6n\u00fcm\u00fc m\u00fcnasebetiyle Tartus\u2019ta bir dizi toplam 15 milyar lira de\u011ferinde bir dizi projenin temel atma t\u00f6renine kat\u0131ld\u0131ktan sonra uygulanmakta olan projelerine kontrol ve denetim ziyareti d\u00fczenledi.<\/p>\n<p>Tartus Liman\u0131ndaki inceleme ziyareti s\u0131ras\u0131nda gazetecilere bir a\u00e7\u0131klama yapan Halaki, h\u00fck\u00fcmetin ula\u015f\u0131m sekt\u00f6r\u00fcn\u00fcn b\u00fct\u00fcn unsurlar\u0131n\u0131 geli\u015ftirmeye b\u00fcy\u00fck bir \u00f6nem verdi\u011fine i\u015faret ederek kara-hava-deniz ve demir yolu ula\u015f\u0131m\u0131n\u0131n kalk\u0131nma s\u00fcrecinin temel ta\u015flar\u0131 oldu\u011funu belirtti.<\/p>\n<p>H\u00fck\u00fcmetin Tartus liman\u0131nda yeni teknolojilerin kullan\u0131lmas\u0131 ve geli\u015ftirilmesi i\u00e7in gerekli \u00f6dene\u011fi ay\u0131rd\u0131\u011f\u0131na i\u015faret eden Halaki, Tartus liman\u0131nda tan\u0131k oldu\u011fu hareketlilik ve genel tablonun Suriye halk\u0131n\u0131n her ko\u015fulda g\u00fc\u00e7l\u00fc bir irade ve azim ile ya\u015fama tutundu\u011funun yans\u0131mas\u0131 oldu\u011funu belirtti.<\/p>\n<p>Sanayi ve Ekonomi alanlar\u0131nda k\u00fc\u00e7\u00fck ve orda boy projelerin yan\u0131 s\u0131ra sanayi b\u00f6lgelerinin geni\u015fletilmesi gibi projelerin temel atma t\u00f6renine kat\u0131lan Halaki, H\u00fck\u00fcmetin stratejik sanayilere e \u00f6zellikle \u00e7imento \u00fcretimi gibi yeniden in\u015fa s\u00fcrecinin temel unsurlar\u0131n\u0131 olu\u015fturacak kurulu\u015flar\u0131n a\u00e7\u0131lmas\u0131na ve geli\u015fmesine b\u00fcy\u00fck bir \u00f6nem verdi\u011fini ifade etti.<\/p>\n<div id='gallery-1' class='gallery galleryid-49161 gallery-columns-2 gallery-size-medium'><figure class='gallery-item'>\n\t\t\t<div class='gallery-icon landscape'>\n\t\t\t\t<a href='https:\/\/archive.sana.sy\/tr\/wp-content\/uploads\/2015\/10\/halaki-2.jpg'><img loading=\"lazy\" decoding=\"async\" width=\"300\" height=\"150\" src=\"https:\/\/archive.sana.sy\/tr\/wp-content\/uploads\/2015\/10\/halaki-2-300x150.jpg\" class=\"attachment-medium size-medium\" alt=\"\" srcset=\"https:\/\/archive.sana.sy\/tr\/wp-content\/uploads\/2015\/10\/halaki-2-300x150.jpg 300w, https:\/\/archive.sana.sy\/tr\/wp-content\/uploads\/2015\/10\/halaki-2-150x75.jpg 150w, https:\/\/archive.sana.sy\/tr\/wp-content\/uploads\/2015\/10\/halaki-2.jpg 660w\" sizes=\"auto, (max-width: 300px) 100vw, 300px\" \/><\/a>\n\t\t\t<\/div><\/figure><figure class='gallery-item'>\n\t\t\t<div class='gallery-icon landscape'>\n\t\t\t\t<a href='https:\/\/archive.sana.sy\/tr\/wp-content\/uploads\/2015\/10\/halaki-3.jpg'><img loading=\"lazy\" decoding=\"async\" width=\"300\" height=\"168\" src=\"https:\/\/archive.sana.sy\/tr\/wp-content\/uploads\/2015\/10\/halaki-3-300x168.jpg\" class=\"attachment-medium size-medium\" alt=\"\" srcset=\"https:\/\/archive.sana.sy\/tr\/wp-content\/uploads\/2015\/10\/halaki-3-300x168.jpg 300w, https:\/\/archive.sana.sy\/tr\/wp-content\/uploads\/2015\/10\/halaki-3-150x84.jpg 150w, https:\/\/archive.sana.sy\/tr\/wp-content\/uploads\/2015\/10\/halaki-3.jpg 660w\" sizes=\"auto, (max-width: 300px) 100vw, 300px\" \/><\/a>\n\t\t\t<\/div><\/figure><figure class='gallery-item'>\n\t\t\t<div class='gallery-icon landscape'>\n\t\t\t\t<a href='https:\/\/archive.sana.sy\/tr\/wp-content\/uploads\/2015\/10\/halaki-4.jpg'><img loading=\"lazy\" decoding=\"async\" width=\"300\" height=\"168\" src=\"https:\/\/archive.sana.sy\/tr\/wp-content\/uploads\/2015\/10\/halaki-4-300x168.jpg\" class=\"attachment-medium size-medium\" alt=\"\" srcset=\"https:\/\/archive.sana.sy\/tr\/wp-content\/uploads\/2015\/10\/halaki-4-300x168.jpg 300w, https:\/\/archive.sana.sy\/tr\/wp-content\/uploads\/2015\/10\/halaki-4-150x84.jpg 150w, https:\/\/archive.sana.sy\/tr\/wp-content\/uploads\/2015\/10\/halaki-4.jpg 660w\" sizes=\"auto, (max-width: 300px) 100vw, 300px\" \/><\/a>\n\t\t\t<\/div><\/figure><figure class='gallery-item'>\n\t\t\t<div class='gallery-icon landscape'>\n\t\t\t\t<a href='https:\/\/archive.sana.sy\/tr\/wp-content\/uploads\/2015\/10\/halaki-5.jpg'><img loading=\"lazy\" decoding=\"async\" width=\"300\" height=\"168\" src=\"https:\/\/archive.sana.sy\/tr\/wp-content\/uploads\/2015\/10\/halaki-5-300x168.jpg\" class=\"attachment-medium size-medium\" alt=\"\" srcset=\"https:\/\/archive.sana.sy\/tr\/wp-content\/uploads\/2015\/10\/halaki-5-300x168.jpg 300w, https:\/\/archive.sana.sy\/tr\/wp-content\/uploads\/2015\/10\/halaki-5-150x84.jpg 150w, https:\/\/archive.sana.sy\/tr\/wp-content\/uploads\/2015\/10\/halaki-5.jpg 660w\" sizes=\"auto, (max-width: 300px) 100vw, 300px\" \/><\/a>\n\t\t\t<\/div><\/figure>\n\t\t<\/div>\n\n<p>F.B. &#8211; R.H.<\/p>\n","protected":false},"excerpt":{"rendered":"<p>TARTUS \u2013 Ba\u015fbakan Vail el Halaki, Cumhurba\u015fkan\u0131 Be\u015f\u015far el Esad\u2019\u0131n direktifleri ve y\u00f6nlendirmesiyle \u015eanl\u0131 Te\u015frin Sava\u015f\u0131n\u0131n 42. y\u0131ld\u00f6n\u00fcm\u00fc m\u00fcnasebetiyle Tartus\u2019ta bir dizi toplam 15 milyar lira de\u011ferinde bir dizi projenin temel atma t\u00f6renine kat\u0131ld\u0131ktan sonra uygulanmakta olan projelerine kontrol ve denetim ziyareti d\u00fczenledi. Tartus Liman\u0131ndaki inceleme ziyareti s\u0131ras\u0131nda gazetecilere bir a\u00e7\u0131klama yapan Halaki, h\u00fck\u00fcmetin ula\u015f\u0131m &hellip;<\/p>\n","protected":false},"author":1,"featured_media":49162,"comment_status":"closed","ping_status":"closed","sticky":false,"template":"","format":"standard","meta":{"footnotes":""},"categories":[479,478],"tags":[17217],"class_list":["post-49161","post","type-post","status-publish","format-standard","has-post-thumbnail","","category-haberler-yerel","category-yerel","tag-halaki-bir-dizi-yatirim-projesinin-temel-atma-torenine-katildi-tartus-basbakan-vail-el-halaki"],"_links":{"self":[{"href":"https:\/\/archive.sana.sy\/tr\/index.php?rest_route=\/wp\/v2\/posts\/49161","targetHints":{"allow":["GET"]}}],"collection":[{"href":"https:\/\/archive.sana.sy\/tr\/index.php?rest_route=\/wp\/v2\/posts"}],"about":[{"href":"https:\/\/archive.sana.sy\/tr\/index.php?rest_route=\/wp\/v2\/types\/post"}],"author":[{"embeddable":true,"href":"https:\/\/archive.sana.sy\/tr\/index.php?rest_route=\/wp\/v2\/users\/1"}],"replies":[{"embeddable":true,"href":"https:\/\/archive.sana.sy\/tr\/index.php?rest_route=%2Fwp%2Fv2%2Fcomments&post=49161"}],"version-history":[{"count":0,"href":"https:\/\/archive.sana.sy\/tr\/index.php?rest_route=\/wp\/v2\/posts\/49161\/revisions"}],"wp:featuredmedia":[{"embeddable":true,"href":"https:\/\/archive.sana.sy\/tr\/index.php?rest_route=\/wp\/v2\/media\/49162"}],"wp:attachment":[{"href":"https:\/\/archive.sana.sy\/tr\/index.php?rest_route=%2Fwp%2Fv2%2Fmedia&parent=49161"}],"wp:term":[{"taxonomy":"category","embeddable":true,"href":"https:\/\/archive.sana.sy\/tr\/index.php?rest_route=%2Fwp%2Fv2%2Fcategories&post=49161"},{"taxonomy":"post_tag","embeddable":true,"href":"https:\/\/archive.sana.sy\/tr\/index.php?rest_route=%2Fwp%2Fv2%2Ftags&post=49161"}],"curies":[{"name":"wp","href":"https:\/\/api.w.org\/{rel}","templated":true}]}}