{"id":49180,"date":"2015-10-11T09:49:50","date_gmt":"2015-10-11T06:49:50","guid":{"rendered":"http:\/\/sana.sy\/tr\/?p=49180"},"modified":"2015-10-11T12:37:07","modified_gmt":"2015-10-11T09:37:07","slug":"askeri-kaynak-lazkiye-kirsalinin-kuzeyinde-turkiyede-resmi-ve-gayri-resmi-taraflarin-destekledikleri-teroristlere-karsi-operasyonlarini-surduren-hava-guclerimizin-gneyma-ve-handak-hama-tepesinde-mev","status":"publish","type":"post","link":"https:\/\/archive.sana.sy\/tr\/?p=49180","title":{"rendered":"Askeri kaynak Lazkiye k\u0131rsal\u0131n\u0131n kuzeyinde T\u00fcrkiye&#8217;de resmi ve gayr\u0131 resmi taraflar\u0131n destekledikleri ter\u00f6ristlere kar\u015f\u0131 operasyonlar\u0131n\u0131 s\u00fcrd\u00fcren hava g\u00fc\u00e7lerimizin \u011eneyma ve Handak Hama Tepesinde mevki ve ara\u00e7lar\u0131n\u0131 muhtevalar\u0131yla imha ettiklerini aktard\u0131. Kaynak operasyonlarda aralar\u0131nda yabanc\u0131lar\u0131n bulundu\u011fu \u00e7ok say\u0131da ter\u00f6ristin \u00f6ld\u00fcr\u00fcld\u00fc\u011f\u00fcn\u00fc belirtti."},"content":{"rendered":"<p>Askeri kaynak Lazkiye k\u0131rsal\u0131n\u0131n kuzeyinde T\u00fcrkiye&#8217;de resmi ve gayr\u0131 resmi taraflar\u0131n destekledikleri ter\u00f6ristlere kar\u015f\u0131 operasyonlar\u0131n\u0131 s\u00fcrd\u00fcren hava g\u00fc\u00e7lerimizin \u011eneyma ve Handak Hama Tepesinde mevki ve ara\u00e7lar\u0131n\u0131 muhtevalar\u0131yla imha ettiklerini aktard\u0131. Kaynak operasyonlarda aralar\u0131nda yabanc\u0131lar\u0131n bulundu\u011fu \u00e7ok say\u0131da ter\u00f6ristin \u00f6ld\u00fcr\u00fcld\u00fc\u011f\u00fcn\u00fc belirtti.<\/p>\n","protected":false},"excerpt":{"rendered":"<p>Askeri kaynak Lazkiye k\u0131rsal\u0131n\u0131n kuzeyinde T\u00fcrkiye&#8217;de resmi ve gayr\u0131 resmi taraflar\u0131n destekledikleri ter\u00f6ristlere kar\u015f\u0131 operasyonlar\u0131n\u0131 s\u00fcrd\u00fcren hava g\u00fc\u00e7lerimizin \u011eneyma ve Handak Hama Tepesinde mevki ve ara\u00e7lar\u0131n\u0131 muhtevalar\u0131yla imha ettiklerini aktard\u0131. Kaynak operasyonlarda aralar\u0131nda yabanc\u0131lar\u0131n bulundu\u011fu \u00e7ok say\u0131da ter\u00f6ristin \u00f6ld\u00fcr\u00fcld\u00fc\u011f\u00fcn\u00fc belirtti.<\/p>\n","protected":false},"author":1,"featured_media":0,"comment_status":"closed","ping_status":"closed","sticky":false,"template":"","format":"standard","meta":{"footnotes":""},"categories":[1],"tags":[],"class_list":["post-49180","post","type-post","status-publish","format-standard","","category-news-not-sorted"],"_links":{"self":[{"href":"https:\/\/archive.sana.sy\/tr\/index.php?rest_route=\/wp\/v2\/posts\/49180","targetHints":{"allow":["GET"]}}],"collection":[{"href":"https:\/\/archive.sana.sy\/tr\/index.php?rest_route=\/wp\/v2\/posts"}],"about":[{"href":"https:\/\/archive.sana.sy\/tr\/index.php?rest_route=\/wp\/v2\/types\/post"}],"author":[{"embeddable":true,"href":"https:\/\/archive.sana.sy\/tr\/index.php?rest_route=\/wp\/v2\/users\/1"}],"replies":[{"embeddable":true,"href":"https:\/\/archive.sana.sy\/tr\/index.php?rest_route=%2Fwp%2Fv2%2Fcomments&post=49180"}],"version-history":[{"count":0,"href":"https:\/\/archive.sana.sy\/tr\/index.php?rest_route=\/wp\/v2\/posts\/49180\/revisions"}],"wp:attachment":[{"href":"https:\/\/archive.sana.sy\/tr\/index.php?rest_route=%2Fwp%2Fv2%2Fmedia&parent=49180"}],"wp:term":[{"taxonomy":"category","embeddable":true,"href":"https:\/\/archive.sana.sy\/tr\/index.php?rest_route=%2Fwp%2Fv2%2Fcategories&post=49180"},{"taxonomy":"post_tag","embeddable":true,"href":"https:\/\/archive.sana.sy\/tr\/index.php?rest_route=%2Fwp%2Fv2%2Ftags&post=49180"}],"curies":[{"name":"wp","href":"https:\/\/api.w.org\/{rel}","templated":true}]}}