{"id":49183,"date":"2015-10-11T13:05:50","date_gmt":"2015-10-11T10:05:50","guid":{"rendered":"http:\/\/sana.sy\/tr\/?p=49183"},"modified":"2015-10-11T13:05:50","modified_gmt":"2015-10-11T10:05:50","slug":"turkiyede-binlerce-vatandas-bugun-baskent-ankaranin-ortasinda-recep-tayip-erdogan-rejimi-ve-teroru-destekleyen-politikalarini-kinarken-dun-ankarada-meydana-gelen-ve-yuze-yakin-vat","status":"publish","type":"post","link":"https:\/\/archive.sana.sy\/tr\/?p=49183","title":{"rendered":"T\u00fcrkiye&#8217;de binlerce vatanda\u015f bug\u00fcn ba\u015fkent Ankara\u2019n\u0131n ortas\u0131nda Recep Tayip Erdo\u011fan rejimi ve ter\u00f6r\u00fc destekleyen politikalar\u0131n\u0131 k\u0131narken, d\u00fcn Ankara\u2019da meydana gelen ve y\u00fcze yak\u0131n vatanda\u015f\u0131n ya\u015fam\u0131n\u0131 yitirdi\u011fi iki ayr\u0131 bombal\u0131 eylemden sorumlu tuttu."},"content":{"rendered":"<p>T\u00fcrkiye&#8217;de binlerce vatanda\u015f bug\u00fcn ba\u015fkent Ankara\u2019n\u0131n ortas\u0131nda Recep Tayip Erdo\u011fan rejimi ve ter\u00f6r\u00fc destekleyen politikalar\u0131n\u0131 k\u0131narken, d\u00fcn Ankara\u2019da meydana gelen ve y\u00fcze yak\u0131n vatanda\u015f\u0131n ya\u015fam\u0131n\u0131 yitirdi\u011fi iki ayr\u0131 bombal\u0131 eylemden sorumlu tuttu.<\/p>\n","protected":false},"excerpt":{"rendered":"<p>T\u00fcrkiye&#8217;de binlerce vatanda\u015f bug\u00fcn ba\u015fkent Ankara\u2019n\u0131n ortas\u0131nda Recep Tayip Erdo\u011fan rejimi ve ter\u00f6r\u00fc destekleyen politikalar\u0131n\u0131 k\u0131narken, d\u00fcn Ankara\u2019da meydana gelen ve y\u00fcze yak\u0131n vatanda\u015f\u0131n ya\u015fam\u0131n\u0131 yitirdi\u011fi iki ayr\u0131 bombal\u0131 eylemden sorumlu tuttu.<\/p>\n","protected":false},"author":1,"featured_media":0,"comment_status":"closed","ping_status":"closed","sticky":false,"template":"","format":"standard","meta":{"footnotes":""},"categories":[1],"tags":[],"class_list":["post-49183","post","type-post","status-publish","format-standard","","category-news-not-sorted"],"_links":{"self":[{"href":"https:\/\/archive.sana.sy\/tr\/index.php?rest_route=\/wp\/v2\/posts\/49183","targetHints":{"allow":["GET"]}}],"collection":[{"href":"https:\/\/archive.sana.sy\/tr\/index.php?rest_route=\/wp\/v2\/posts"}],"about":[{"href":"https:\/\/archive.sana.sy\/tr\/index.php?rest_route=\/wp\/v2\/types\/post"}],"author":[{"embeddable":true,"href":"https:\/\/archive.sana.sy\/tr\/index.php?rest_route=\/wp\/v2\/users\/1"}],"replies":[{"embeddable":true,"href":"https:\/\/archive.sana.sy\/tr\/index.php?rest_route=%2Fwp%2Fv2%2Fcomments&post=49183"}],"version-history":[{"count":0,"href":"https:\/\/archive.sana.sy\/tr\/index.php?rest_route=\/wp\/v2\/posts\/49183\/revisions"}],"wp:attachment":[{"href":"https:\/\/archive.sana.sy\/tr\/index.php?rest_route=%2Fwp%2Fv2%2Fmedia&parent=49183"}],"wp:term":[{"taxonomy":"category","embeddable":true,"href":"https:\/\/archive.sana.sy\/tr\/index.php?rest_route=%2Fwp%2Fv2%2Fcategories&post=49183"},{"taxonomy":"post_tag","embeddable":true,"href":"https:\/\/archive.sana.sy\/tr\/index.php?rest_route=%2Fwp%2Fv2%2Ftags&post=49183"}],"curies":[{"name":"wp","href":"https:\/\/api.w.org\/{rel}","templated":true}]}}